{"id":149,"date":"2025-03-28T14:45:15","date_gmt":"2025-03-28T17:45:15","guid":{"rendered":"https:\/\/temporario.agenciasense.com.br\/projetos\/gestao-rh\/?p=149"},"modified":"2025-04-01T12:20:02","modified_gmt":"2025-04-01T15:20:02","slug":"como-realizar-entrevista-por-competencia","status":"publish","type":"post","link":"https:\/\/www.genteegestaorh.com.br\/blog\/como-realizar-entrevista-por-competencia\/","title":{"rendered":"Como realizar entrevista por compet\u00eancia"},"content":{"rendered":"<div data-breakout=\"normal\">\n<p id=\"viewer-1s7qa\" class=\"_9Y3C- AEhjf dQ3-m _5aRph\" dir=\"auto\"><span class=\"eEPyq dQ3-m\">A entrevista por compet\u00eancia foi o tema com maior visibilidade em m\u00eddia e nas discuss\u00f5es sobre gest\u00e3o de RH nos \u00faltimos anos. A entrevista continua sendo o instrumento universal para todos os procedimentos de gest\u00e3o de pessoas e talentos nas empresas. Muito utilizada para subsidiar Avalia\u00e7\u00e3o Psicol\u00f3gica e o Recrutamento e Sele\u00e7\u00e3o.<\/span><\/p>\n<\/div>\n<div data-breakout=\"normal\">\n<h3 id=\"viewer-27eju\" class=\"XJzka jHkMN dQ3-m _5aRph\" dir=\"auto\"><span class=\"Y9-MU dQ3-m\"><strong> O mundo mudou, nada ser\u00e1 como antes.<\/strong><\/span><\/h3>\n<\/div>\n<div data-breakout=\"normal\">\n<p id=\"viewer-dn4di\" class=\"_9Y3C- AEhjf dQ3-m _5aRph\" dir=\"auto\"><span class=\"eEPyq dQ3-m\">A partir do livro de Agnaldo Neri, h\u00e1 afirma\u00e7\u00e3o de que, a globaliza\u00e7\u00e3o e o neoliberalismo alteraram o espa\u00e7o competitivo da empresa e na\u00e7\u00f5es, exigindo das organiza\u00e7\u00f5es um pensamento estrat\u00e9gico empresarial global e uma atua\u00e7\u00e3o cada vez mais pessoal e voltada para diferencia\u00e7\u00e3o.<\/span><\/p>\n<\/div>\n<div data-breakout=\"normal\">\n<p id=\"viewer-3v2ug\" class=\"_9Y3C- AEhjf dQ3-m _5aRph\" dir=\"auto\"><span class=\"eEPyq dQ3-m\">Nossas empresas tiveram que se adaptar \u201cna marra\u201d: ou embarcariam na transforma\u00e7\u00e3o ou ficariam \u00e0 margem do mercado de trabalho.<\/span><\/p>\n<\/div>\n<div data-breakout=\"normal\">\n<p id=\"viewer-a6aj1\" class=\"_9Y3C- AEhjf dQ3-m _5aRph\" dir=\"auto\"><span class=\"eEPyq dQ3-m\">Com os processos de mudan\u00e7a organizacional iniciados abruptamente em nosso pa\u00eds, uma das maiores constata\u00e7\u00f5es desse processo foi que n\u00e3o existe um caminho de retorno, ou seja, os \u201cvelhos tempos\u201d devem ser vistos com tal e nada mais que isso.<\/span><\/p>\n<\/div>\n<div data-breakout=\"normal\">\n<p id=\"viewer-evlno\" class=\"_9Y3C- AEhjf dQ3-m _5aRph\" dir=\"auto\"><span class=\"eEPyq dQ3-m\">O modelo de gest\u00e3o de recursos humanos baseados em \u201cobedi\u00eancia + fidelidade = sobreviv\u00eancia da empresa j\u00e1 n\u00e3o tinha sentido. A Gest\u00e3o de Pessoas concentrou-se no modelo explicito de \u201cresultado = oportunidade\u201d.<\/span><\/p>\n<\/div>\n<div data-hook=\"rcv-block18\"><\/div>\n<div data-breakout=\"normal\">\n<h3 id=\"viewer-137df\" class=\"XJzka jHkMN c9HmO _5aRph\" dir=\"auto\"><span class=\"Y9-MU\"><strong>O que as mudan\u00e7as no mundo tem haver com sele\u00e7\u00e3o por compet\u00eancia?<\/strong><\/span><\/h3>\n<\/div>\n<div data-breakout=\"normal\">\n<p id=\"viewer-8imi7\" class=\"_9Y3C- AEhjf dQ3-m _5aRph\" dir=\"auto\"><span class=\"eEPyq dQ3-m\">Se resultado \u00e9 igual oportunidade, pensamos que os funcion\u00e1rios que fornecem resultados ter\u00e3o oportunidades de necessidades satisfeitas pelas empresas. Na sele\u00e7\u00e3o por compet\u00eancia seguimos o mesmo pensamento. Candidato que demonstra que consegue entregar resultados ter\u00e3o maiores chances de contrata\u00e7\u00e3o.<\/span><\/p>\n<\/div>\n<div data-breakout=\"normal\">\n<p id=\"viewer-eon08\" class=\"_9Y3C- AEhjf dQ3-m _5aRph\" dir=\"auto\"><span class=\"eEPyq dQ3-m\">Mas pode ser resultado a qualquer custo?<\/span><\/p>\n<\/div>\n<div data-breakout=\"normal\">\n<p id=\"viewer-6q441\" class=\"_9Y3C- AEhjf dQ3-m _5aRph\" dir=\"auto\"><span class=\"eEPyq dQ3-m\">De qualquer maneira?<\/span><\/p>\n<\/div>\n<div data-breakout=\"normal\">\n<p id=\"viewer-d56lg\" class=\"_9Y3C- AEhjf dQ3-m _5aRph\" dir=\"auto\"><span class=\"eEPyq dQ3-m\">Como iremos identificar se o candidato consegue ou n\u00e3o entregar resultados que a empresa precisa?<\/span><\/p>\n<\/div>\n<div data-breakout=\"normal\">\n<p id=\"viewer-au2s4\" class=\"_9Y3C- AEhjf dQ3-m _5aRph\" dir=\"auto\"><span class=\"eEPyq dQ3-m\">Como iremos saber de que maneira o candidato entrega os resultados?<\/span><\/p>\n<\/div>\n<div data-hook=\"rcv-block26\"><\/div>\n<div data-breakout=\"normal\">\n<h3 id=\"viewer-7higt\" class=\"XJzka jHkMN c9HmO _5aRph\" dir=\"auto\"><span class=\"Y9-MU\"><strong>Conceito de Compet\u00eancia<\/strong><\/span><\/h3>\n<\/div>\n<div data-breakout=\"normal\">\n<p id=\"viewer-ajbkm\" class=\"_9Y3C- AEhjf dQ3-m _5aRph\" dir=\"auto\"><span class=\"eEPyq dQ3-m\">Compet\u00eancia = Entrega de Resultados<\/span><\/p>\n<\/div>\n<div data-breakout=\"normal\">\n<p id=\"viewer-3u9en\" class=\"_9Y3C- AEhjf dQ3-m _5aRph\" dir=\"auto\"><span class=\"eEPyq dQ3-m\">Habilidades = Como fazer<\/span><\/p>\n<\/div>\n<div data-breakout=\"normal\">\n<p id=\"viewer-eglfl\" class=\"_9Y3C- AEhjf dQ3-m _5aRph\" dir=\"auto\"><span class=\"eEPyq dQ3-m\">Atitudes = Querer fazer- Comprometimento<\/span><\/p>\n<\/div>\n<div data-breakout=\"normal\">\n<p id=\"viewer-1m6c0\" class=\"_9Y3C- AEhjf dQ3-m _5aRph\" dir=\"auto\"><span class=\"eEPyq dQ3-m\">Conhecimento = Saber fazer<\/span><\/p>\n<\/div>\n<div data-hook=\"rcv-block37\"><\/div>\n<div data-breakout=\"normal\">\n<p id=\"viewer-5rej2\" class=\"_9Y3C- AEhjf dQ3-m _5aRph\" dir=\"auto\"><span class=\"eEPyq dQ3-m\">Para as autoras, Lucia e Lepsinger: \u201cUm agrupamento de conhecimentos, habilidades e atitudes, inter-relacionados, que afeta a maior parte do trabalho e que correlaciona com a performance, que pode ser medido e melhorado atrav\u00e9s de treinamento e desenvolvimento&#8221;.<\/span><\/p>\n<\/div>\n<div data-breakout=\"normal\">\n<p id=\"viewer-8calj\" class=\"_9Y3C- AEhjf dQ3-m _5aRph\" dir=\"auto\"><span class=\"eEPyq dQ3-m\">Compet\u00eancia indica \u201cmaneira de pensar ou agir\u201d, que se generalizam em diferentes situa\u00e7\u00f5es e tendem a ser est\u00e1veis por um longo per\u00edodo de tempo. Nosso comportamento \u00e9 motivado por tra\u00e7os pessoais, necessidades e motivadores espec\u00edficos. Comportamentos s\u00e3o guiados por valores e nossas a\u00e7\u00f5es s\u00e3o dirigidas \u00e0 objetivos.<\/span><\/p>\n<\/div>\n<div data-breakout=\"normal\">\n<p id=\"viewer-alue\" class=\"_9Y3C- AEhjf dQ3-m _5aRph\" dir=\"auto\"><span class=\"eEPyq dQ3-m\">Conhecimento s\u00f3 pode ser considerado conhecimento se for empregado em uma a\u00e7\u00e3o na busca de um objetivo. Assim podemos compreender que uma prova de conhecimentos ou um teste de Q.I n\u00e3o conseguem demonstrar se o candidato possui ou n\u00e3o conhecimento. Essas ferramentas devem ser suporte para complementar uma conclus\u00e3o hol\u00edstica das compet\u00eancias do candidato.<\/span><\/p>\n<\/div>\n<div data-breakout=\"normal\">\n<p id=\"viewer-1r4p7\" class=\"_9Y3C- AEhjf dQ3-m _5aRph\" dir=\"auto\"><span class=\"eEPyq dQ3-m\">O fundamental \u00e9 solicitar que ele narre diferentes situa\u00e7\u00f5es em que seja poss\u00edvel demonstrar se ele consegue ou n\u00e3o aplicar o conhecimento e qual resultado ele vem obtendo quando o emprega. Esse \u00e9 o processo para realizar entrevista por compet\u00eancia nos processos de avalia\u00e7\u00e3o psicol\u00f3gica, no recrutamento e sele\u00e7\u00e3o e no mapeamento de perfil.<\/span><\/p>\n<\/div>\n<div data-breakout=\"normal\">\n<p id=\"viewer-99sm7\" class=\"_9Y3C- AEhjf dQ3-m _5aRph\" dir=\"auto\"><span class=\"eEPyq dQ3-m\">Sele\u00e7\u00e3o por compet\u00eancia \u00e9 identificar o perfil do cargo, cultura e valores da empresa, conhecer o neg\u00f3cio e avaliar a compatibilidade do perfil dos candidatos com o perfil do cargo.<\/span><\/p>\n<\/div>\n<div data-breakout=\"normal\">\n<h3 id=\"viewer-60f7e\" class=\"XJzka jHkMN dQ3-m _5aRph\" dir=\"auto\"><span class=\"Y9-MU dQ3-m\"><strong>Conhecer o neg\u00f3cio da empresa<\/strong><\/span><\/h3>\n<\/div>\n<div data-breakout=\"normal\">\n<p id=\"viewer-6ij0o\" class=\"_9Y3C- AEhjf dQ3-m _5aRph\" dir=\"auto\"><span class=\"eEPyq dQ3-m\">Nos processos de Recrutamento e Sele\u00e7\u00e3o e Avalia\u00e7\u00e3o Psicol\u00f3gica, \u00e9 fundamental compreender que existem compet\u00eancias organizacionais, compet\u00eancias das atividades, compet\u00eancias do neg\u00f3cio e assim por diante, do ponto de vista da sele\u00e7\u00e3o, o foco ser\u00e1 na compet\u00eancia das pessoas. Contudo, esse olhar n\u00e3o pode ser desprovido de uma vis\u00e3o clara do neg\u00f3cio.<\/span><\/p>\n<\/div>\n<div data-hook=\"rcv-block52\"><\/div>\n<div data-breakout=\"normal\">\n<h3 id=\"viewer-9ph80\" class=\"XJzka jHkMN c9HmO _5aRph\" dir=\"auto\"><span class=\"Y9-MU\"><strong>Realizar Levantamento de Compet\u00eancias Necess\u00e1rias para o Cargo<\/strong><\/span><\/h3>\n<\/div>\n<div data-breakout=\"normal\">\n<p id=\"viewer-2tbf8\" class=\"_9Y3C- AEhjf dQ3-m _5aRph\" dir=\"auto\"><span class=\"eEPyq dQ3-m\">Podemos considerar que sele\u00e7\u00e3o por compet\u00eancia s\u00e3o duas entrevistas: uma com o requisitante e outra com o candidato.<\/span><\/p>\n<\/div>\n<div data-breakout=\"normal\">\n<p id=\"viewer-9u2db\" class=\"_9Y3C- AEhjf dQ3-m _5aRph\" dir=\"auto\"><span class=\"eEPyq dQ3-m\">Levantamento de compet\u00eancias \u00e9 o conjunto de compet\u00eancias t\u00e9cnicas e comportamentais essenciais para o sucesso da pessoa no cargo. \u00c9 uma \u201cradiografia\u201d da necessidade do cargo. \u00c9 a base da gest\u00e3o de pessoas.<\/span><\/p>\n<\/div>\n<div data-hook=\"rcv-block59\"><\/div>\n<div data-breakout=\"normal\">\n<h3 id=\"viewer-9dulr\" class=\"XJzka jHkMN dQ3-m _5aRph\" dir=\"auto\"><span class=\"Y9-MU dQ3-m\"><strong>Entrevista por Compet\u00eancia<\/strong><\/span><\/h3>\n<\/div>\n<div data-breakout=\"normal\">\n<p id=\"viewer-fdqi9\" class=\"_9Y3C- AEhjf dQ3-m _5aRph\" dir=\"auto\"><span class=\"eEPyq dQ3-m\">Entrevista por compet\u00eancia \u00e9 uma investiga\u00e7\u00e3o de situa\u00e7\u00f5es vividas pelo candidato, cujo objetivo \u00e9 a observa\u00e7\u00e3o e an\u00e1lise de comportamentos espec\u00edficos necess\u00e1rios ao cargo.<\/span><\/p>\n<\/div>\n<div data-breakout=\"normal\">\n<p id=\"viewer-aoj0f\" class=\"_9Y3C- AEhjf c9HmO _5aRph\" dir=\"auto\"><span class=\"eEPyq\"><strong><em> Premissa da Entrevista por Compet\u00eancia:<\/em><\/strong><\/span><\/p>\n<\/div>\n<div data-breakout=\"normal\">\n<p id=\"viewer-7ct50\" class=\"_9Y3C- AEhjf dQ3-m _5aRph\" dir=\"auto\"><span class=\"eEPyq dQ3-m\">Comportamento passado indica grande probabilidade de repeti\u00e7\u00e3o de comportamentos no presente e no futuro.<\/span><\/p>\n<\/div>\n<div data-breakout=\"normal\">\n<p id=\"viewer-1iqtg\" class=\"_9Y3C- AEhjf c9HmO _5aRph\" dir=\"auto\"><span class=\"eEPyq\"><strong><em>Antes de avan\u00e7armos na sele\u00e7\u00e3o por compet\u00eancia, responda as perguntas:<\/em><\/strong><\/span><\/p>\n<\/div>\n<div data-breakout=\"normal\">\n<p id=\"viewer-24a2g\" class=\"_9Y3C- AEhjf dQ3-m _5aRph\" dir=\"auto\"><span class=\"eEPyq dQ3-m\"><em>Voc\u00ea est\u00e1 selecionando com base nas compet\u00eancias que sua empresa precisa agora e no futuro?<\/em><\/span><\/p>\n<\/div>\n<div data-breakout=\"normal\">\n<p id=\"viewer-8qpnv\" class=\"_9Y3C- AEhjf dQ3-m _5aRph\" dir=\"auto\"><span class=\"eEPyq dQ3-m\"><em>Quando est\u00e1 selecionando, voc\u00ea busca as compet\u00eancias que a empresa precisa ou tenta fazer uma adapta\u00e7\u00e3o o que \u00e9 tradicional dentro da empresa?<\/em><\/span><\/p>\n<\/div>\n<div data-breakout=\"normal\">\n<p id=\"viewer-vc8b\" class=\"_9Y3C- AEhjf dQ3-m _5aRph\" dir=\"auto\"><span class=\"eEPyq dQ3-m\">Para um recrutamento e sele\u00e7\u00e3o ou uma avalia\u00e7\u00e3o psicol\u00f3gica ser realizada primando pela excel\u00eancia e com resultados eficazes, entenda as atividades que o candidato ir\u00e1 realizar, compreenda as compet\u00eancias que s\u00e3o importantes para empresa, para o cargo, para o l\u00edder, para equipe, compreenda todo o contexto, elabore as perguntas, analise o curr\u00edculo para tentar direcionar o que mais al\u00e9m dos itens citados acima pode ter gerado d\u00favida no curr\u00edculo e que precisa ser trabalhado no momento da entrevista.<\/span><\/p>\n<\/div>\n<div data-hook=\"rcv-block77\"><\/div>\n<div data-breakout=\"normal\">\n<h3 id=\"viewer-13nl7\" class=\"XJzka jHkMN c9HmO _5aRph\" dir=\"auto\"><span class=\"Y9-MU\"><strong>ELABORE DE PERGUNTAS A PARTIR DO PERFIL DE COMPET\u00caNCIAS, CULTURA E VALORES ORGANIZACIONAIS<\/strong><\/span><\/h3>\n<\/div>\n<div data-breakout=\"normal\">\n<p id=\"viewer-d1c7u\" class=\"_9Y3C- AEhjf dQ3-m _5aRph\" dir=\"auto\"><span class=\"eEPyq dQ3-m\">Para realizar uma entrevista por compet\u00eancia:<\/span><\/p>\n<\/div>\n<div data-breakout=\"normal\">\n<p id=\"viewer-fhnpb\" class=\"_9Y3C- AEhjf dQ3-m _5aRph\" dir=\"auto\"><span class=\"eEPyq dQ3-m\">&#8211; Pergunta estruturada<\/span><\/p>\n<\/div>\n<div data-breakout=\"normal\">\n<p id=\"viewer-37jpu\" class=\"_9Y3C- AEhjf dQ3-m _5aRph\" dir=\"auto\"><span class=\"eEPyq dQ3-m\">&#8211; Perguntas abertas especificas<\/span><\/p>\n<\/div>\n<div data-breakout=\"normal\">\n<p id=\"viewer-dl8du\" class=\"_9Y3C- AEhjf dQ3-m _5aRph\" dir=\"auto\"><span class=\"eEPyq dQ3-m\">&#8211; Perguntas situacionais<\/span><\/p>\n<\/div>\n<div data-breakout=\"normal\">\n<p id=\"viewer-6dh4n\" class=\"_9Y3C- AEhjf dQ3-m _5aRph\" dir=\"auto\"><span class=\"eEPyq dQ3-m\">&#8211; Verbos de a\u00e7\u00e3o no passado<\/span><\/p>\n<\/div>\n<div data-breakout=\"normal\">\n<p id=\"viewer-nh0d\" class=\"_9Y3C- AEhjf dQ3-m _5aRph\" dir=\"auto\"><span class=\"eEPyq dQ3-m\">&#8211; Investiga\u00e7\u00e3o de comportamentos realizados no passado<\/span><\/p>\n<\/div>\n<div data-breakout=\"normal\">\n<p id=\"viewer-6rq68\" class=\"_9Y3C- AEhjf dQ3-m _5aRph\" dir=\"auto\"><span class=\"eEPyq dQ3-m\">&#8211; Previs\u00e3o de comportamentos no futuro.<\/span><\/p>\n<\/div>\n<div data-breakout=\"normal\">\n<p id=\"viewer-e0479\" class=\"_9Y3C- AEhjf dQ3-m _5aRph\" dir=\"auto\"><span class=\"eEPyq dQ3-m\">&#8211; Desmembrar o comportamento no que chamamos de &#8220;CAR&#8221;<\/span><\/p>\n<p dir=\"auto\">\n<\/div>\n<div data-breakout=\"normal\">\n<p id=\"viewer-8k1j\" class=\"_9Y3C- AEhjf dQ3-m _5aRph\" dir=\"auto\"><span class=\"eEPyq dQ3-m\"><strong>Contexto <\/strong><\/span><span class=\"eEPyq dQ3-m\"><strong>A\u00e7\u00e3o <\/strong><\/span><strong>Resultado<\/strong><\/p>\n<\/div>\n<div data-breakout=\"normal\">\n<h3 id=\"viewer-adk9k\" class=\"XJzka jHkMN c9HmO _5aRph\" dir=\"auto\"><span class=\"Y9-MU\"><strong>FASES DA ENTREVISTA POR COMPET\u00caNCIA<\/strong><\/span><\/h3>\n<\/div>\n<div data-breakout=\"normal\">\n<p id=\"viewer-6mj8u\" class=\"_9Y3C- AEhjf dQ3-m _5aRph\" dir=\"auto\"><span class=\"eEPyq dQ3-m\">&#8211; Planejar o Rapport<\/span><\/p>\n<\/div>\n<div data-breakout=\"normal\">\n<p id=\"viewer-71n23\" class=\"_9Y3C- AEhjf dQ3-m _5aRph\" dir=\"auto\"><span class=\"eEPyq dQ3-m\">&#8211; Deixar o candidato a vontade<\/span><\/p>\n<\/div>\n<div data-breakout=\"normal\">\n<p id=\"viewer-938rn\" class=\"_9Y3C- AEhjf dQ3-m _5aRph\" dir=\"auto\"><span class=\"eEPyq dQ3-m\">&#8211; Habilidade de ser simp\u00e1tico<\/span><\/p>\n<\/div>\n<div data-breakout=\"normal\">\n<p id=\"viewer-7d63v\" class=\"_9Y3C- AEhjf dQ3-m _5aRph\" dir=\"auto\"><span class=\"eEPyq dQ3-m\">\u2013 Dica: Exercitar PNL para alcan\u00e7ar empatia<\/span><\/p>\n<\/div>\n<div data-breakout=\"normal\">\n<p id=\"viewer-fuhs6\" class=\"_9Y3C- AEhjf dQ3-m _5aRph\" dir=\"auto\"><span class=\"eEPyq dQ3-m\">&#8211; Iniciar mantendo o controle da entrevista fazendo perguntas fechadas<\/span><\/p>\n<\/div>\n<div data-breakout=\"normal\">\n<p id=\"viewer-c52bo\" class=\"_9Y3C- AEhjf dQ3-m _5aRph\" dir=\"auto\"><span class=\"eEPyq dQ3-m\">&#8211; Para perguntas por compet\u00eancias, sempre abertas<\/span><\/p>\n<\/div>\n<div data-breakout=\"normal\">\n<p id=\"viewer-dbirb\" class=\"_9Y3C- AEhjf dQ3-m _5aRph\" dir=\"auto\"><span class=\"eEPyq dQ3-m\">&#8211; Administrar o sil\u00eancio com empatia<\/span><\/p>\n<\/div>\n<div data-breakout=\"normal\">\n<p id=\"viewer-e89qf\" class=\"_9Y3C- AEhjf dQ3-m _5aRph\" dir=\"auto\"><span class=\"eEPyq dQ3-m\">&#8211; Procurar ter vis\u00e3o global do candidato<\/span><\/p>\n<\/div>\n<div data-breakout=\"normal\">\n<p id=\"viewer-c6pln\" class=\"_9Y3C- AEhjf dQ3-m _5aRph\" dir=\"auto\"><span class=\"eEPyq dQ3-m\">&#8211; Observar a comunica\u00e7\u00e3o n\u00e3o verbal<\/span><\/p>\n<\/div>\n<div data-breakout=\"normal\">\n<p id=\"viewer-flug5\" class=\"_9Y3C- AEhjf dQ3-m _5aRph\" dir=\"auto\"><span class=\"eEPyq dQ3-m\">&#8211; Insistir e respostas espec\u00edficas alterando a forma caso n\u00e3o haja entendimento<\/span><\/p>\n<\/div>\n<div data-breakout=\"normal\">\n<p id=\"viewer-7sbj0\" class=\"_9Y3C- AEhjf dQ3-m _5aRph\" dir=\"auto\"><span class=\"eEPyq dQ3-m\">&#8211; Elaborar o laudo do perfil do candidato &#8211; No artigo publicado recentemente pela Gente e Gest\u00e3o RH ensina como elaborar laudo ou parecer de perfil comportamental.<\/span><\/p>\n<\/div>\n<div data-hook=\"rcv-block105\"><\/div>\n<div data-breakout=\"normal\">\n<h3 id=\"viewer-8giqa\" class=\"XJzka jHkMN c9HmO _5aRph\" dir=\"auto\"><span class=\"Y9-MU\"><strong>ESCUTA ATIVA<\/strong><\/span><\/h3>\n<\/div>\n<div data-breakout=\"normal\">\n<p id=\"viewer-1pgcf\" class=\"_9Y3C- AEhjf dQ3-m _5aRph\" dir=\"auto\"><span class=\"eEPyq dQ3-m\">A id\u00e9ia de compet\u00eancia como estrat\u00e9gia de solu\u00e7\u00e3o de problemas significa entender as pessoas dentro de um conceito de avalia\u00e7\u00e3o din\u00e2mica. A proposta de avaliar por compet\u00eancias busca explicar os aspetos que de fato as pessoas trazem para a\u00e7\u00e3o, ou seja, o que efetivamente a pessoa faz para obter resultado.<\/span><\/p>\n<\/div>\n<div data-hook=\"rcv-block110\"><\/div>\n<div data-breakout=\"normal\">\n<p id=\"viewer-6eks8\" class=\"_9Y3C- AEhjf c9HmO _5aRph\" dir=\"auto\"><span class=\"eEPyq\"><strong><em>Possu\u00edmos cinco n\u00edveis de escuta:<\/em><\/strong><\/span><\/p>\n<\/div>\n<div data-breakout=\"normal\">\n<ul class=\"VKP36 c9HmO\">\n<li class=\"YfQSJ\" dir=\"auto\" aria-level=\"1\">\n<p id=\"viewer-efvop\" class=\"_9Y3C- AEhjf dQ3-m _5aRph\" dir=\"\"><span class=\"eEPyq dQ3-m\">Ignorar \u00e9 o primeiro. Em muitas conversas temos a condi\u00e7\u00e3o de ignorar o que est\u00e1 sendo falado e, muitas vezes, damos as costas para quem nos fala. <\/span><\/p>\n<\/li>\n<li class=\"YfQSJ\" dir=\"auto\" aria-level=\"1\">\n<p id=\"viewer-fn1bq\" class=\"_9Y3C- AEhjf dQ3-m _5aRph\" dir=\"\"><span class=\"eEPyq dQ3-m\">Escuta Falsa, \u00e9 o segundo, onde apenas fingimos que escutamos, mas na realidade nada foi absorvido do que o outro falou. <\/span><\/p>\n<\/li>\n<li class=\"YfQSJ\" dir=\"auto\" aria-level=\"1\">\n<p id=\"viewer-2curq\" class=\"_9Y3C- AEhjf dQ3-m _5aRph\" dir=\"\"><span class=\"eEPyq dQ3-m\">Escuta Seletiva \u00e9 o terceiro. Normalmente, ouvimos apenas o que queremos e o resto desprezamos porque n\u00e3o h\u00e1 interesse. <\/span><\/p>\n<\/li>\n<li class=\"YfQSJ\" dir=\"auto\" aria-level=\"1\">\n<p id=\"viewer-4ko7b\" class=\"_9Y3C- AEhjf dQ3-m _5aRph\" dir=\"\"><span class=\"eEPyq dQ3-m\">Escuta Atenta \u00e9 o quarto. O ato de ouvir o outro j\u00e1 tem um grau e interesse elevado e a aten\u00e7\u00e3o fica mais concentrada, existe uma preocupa\u00e7\u00e3o com que outro est\u00e1 dizendo e a efic\u00e1cia da escuta \u00e9 grande. <\/span><\/p>\n<\/li>\n<li class=\"YfQSJ\" dir=\"auto\" aria-level=\"1\">\n<p id=\"viewer-sdmd\" class=\"_9Y3C- AEhjf dQ3-m _5aRph\" dir=\"\"><span class=\"eEPyq dQ3-m\">Escuta Emp\u00e1tica \u00e9 o quinto e mais completo n\u00edvel, porque se reveste de uma escuta integral que tem como referencial a situa\u00e7\u00e3o e a percep\u00e7\u00e3o do outro. A empatia \u00e9 total e ocorre a verdadeira escuta, porque al\u00e9m de escutar, compreendeu o que foi verbalizado e at\u00e9 o que n\u00e3o foi dito ou estava subliminar. Nesse n\u00edvel podemos dizer que h\u00e1 a comunica\u00e7\u00e3o efetiva porque houve um escutar com empatia, uma ferramenta muito poderosa que proporciona informa\u00e7\u00e3o exata com a qual se vai trabalhar. A escuta emp\u00e1tica significa muito mais do que registrar, repetir ou mesmo entender as palavras que est\u00e3o sendo ditas. Voc\u00ea ouve procurando entender o significado, o sentimento; ouve para compreender. <\/span><\/p>\n<\/li>\n<\/ul>\n<\/div>\n<div data-hook=\"rcv-block113\"><\/div>\n<div data-breakout=\"normal\">\n<p id=\"viewer-fjulu\" class=\"_9Y3C- AEhjf c9HmO _5aRph\" dir=\"auto\"><span class=\"eEPyq\"><strong><em>A escuta ativa implica:<\/em><\/strong><\/span><\/p>\n<\/div>\n<div data-breakout=\"normal\">\n<ul class=\"VKP36 c9HmO\">\n<li class=\"YfQSJ\" dir=\"auto\" aria-level=\"1\">\n<p id=\"viewer-dq57e\" class=\"_9Y3C- AEhjf c9HmO _5aRph\" dir=\"\"><span class=\"eEPyq\">Aprender e compreender conte\u00fado e sentimentos; <\/span><\/p>\n<\/li>\n<li class=\"YfQSJ\" dir=\"auto\" aria-level=\"1\">\n<p id=\"viewer-aojhb\" class=\"_9Y3C- AEhjf c9HmO _5aRph\" dir=\"\"><span class=\"eEPyq\">Perceber o tom de voz, a fluidez do discurso, as pausas, as vacila\u00e7\u00f5es, constru\u00e7\u00e3o das frases; <\/span><\/p>\n<\/li>\n<li class=\"YfQSJ\" dir=\"auto\" aria-level=\"1\">\n<p id=\"viewer-c0sds\" class=\"_9Y3C- AEhjf c9HmO _5aRph\" dir=\"\"><span class=\"eEPyq\">Observar a linguagem n\u00e3o-verbal; <\/span><\/p>\n<\/li>\n<li class=\"YfQSJ\" dir=\"auto\" aria-level=\"1\">\n<p id=\"viewer-6nfkg\" class=\"_9Y3C- AEhjf c9HmO _5aRph\" dir=\"\"><span class=\"eEPyq\">Foque na pessoa que est\u00e1 falando, mantenha contato visual; <\/span><\/p>\n<\/li>\n<li class=\"YfQSJ\" dir=\"auto\" aria-level=\"1\">\n<p id=\"viewer-fne23\" class=\"_9Y3C- AEhjf c9HmO _5aRph\" dir=\"\"><span class=\"eEPyq\">Primeiro n\u00e3o pense enquanto a pessoa fala <\/span><\/p>\n<\/li>\n<li class=\"YfQSJ\" dir=\"auto\" aria-level=\"1\">\n<p id=\"viewer-1u48q\" class=\"_9Y3C- AEhjf c9HmO _5aRph\" dir=\"\"><span class=\"eEPyq\">N\u00e3o fa\u00e7a julgamentos! Pense na pergunta que voc\u00ea pode fazer para caso n\u00e3o tenha ficado claro o contexto ou a a\u00e7\u00e3o ou o resultado. <\/span><\/p>\n<\/li>\n<li class=\"YfQSJ\" dir=\"auto\" aria-level=\"1\">\n<p id=\"viewer-6v2a\" class=\"_9Y3C- AEhjf c9HmO _5aRph\" dir=\"\"><span class=\"eEPyq\">N\u00e3o tire conclus\u00f5es precipitadas, escute todo o relato. <\/span><\/p>\n<\/li>\n<li class=\"YfQSJ\" dir=\"auto\" aria-level=\"1\">\n<p id=\"viewer-6d31v\" class=\"_9Y3C- AEhjf c9HmO _5aRph\" dir=\"\"><span class=\"eEPyq\">Escutar \u00e9 mais que ouvir. \u00c9 alcan\u00e7ar n\u00edveis diferentes na escala de audi\u00e7\u00e3o. \u00c9 valorizar e dar significado \u00e0s palavras. E precisamos entender e saber em que n\u00edvel escutamos o outro. <\/span><\/p>\n<\/li>\n<\/ul>\n<\/div>\n<div data-hook=\"rcv-block116\"><\/div>\n<div data-breakout=\"normal\">\n<p id=\"viewer-c18bb\" class=\"_9Y3C- AEhjf dQ3-m _5aRph\" dir=\"auto\"><span class=\"eEPyq dQ3-m\">A entrevista por compet\u00eancia \u00e9 a melhor t\u00e9cnica de Recrutamento e Sele\u00e7\u00e3o e Avalia\u00e7\u00e3o Psicol\u00f3gica utilizada na Gente e Gest\u00e3o RH e nas grande consultorias e empresas do mundo inteiro, pois gera um processo assertivo e prop\u00f5e admiss\u00e3o do candidato mais adequado a cultura e as necessidades da sua empresa, fazendo com que o funcion\u00e1rio sinta-se bem exercendo as melhores compet\u00eancias dele e tamb\u00e9m com que a institui\u00e7\u00e3o obtenha resultados e retorno do investimento da contrata\u00e7\u00e3o.<\/span><\/p>\n<\/div>\n<div data-breakout=\"normal\">\n<p id=\"viewer-ar6ac\" class=\"_9Y3C- AEhjf c9HmO _5aRph\" dir=\"auto\"><span class=\"eEPyq\">Gente e Gest\u00e3o RH \u00e9 refer\u00eancia em Recrutamento e Sele\u00e7\u00e3o em Minas Gerais e trabalha como sele\u00e7\u00e3o por compet\u00eancias h\u00e1 mais de 10 anos.<\/span><\/p>\n<\/div>\n<div data-breakout=\"normal\">\n<p id=\"viewer-35iv7\" class=\"_9Y3C- AEhjf c9HmO _5aRph\" dir=\"auto\"><span class=\"eEPyq\">Fale conosco para realizar mapeamento de perfil ou avalia\u00e7\u00e3o psicol\u00f3gica nos funcion\u00e1rios da sua empresa ou nos candidatos dos processos seletivos.<\/span><\/p>\n<\/div>\n<div data-breakout=\"normal\">\n<p id=\"viewer-k8ca\" class=\"_9Y3C- AEhjf c9HmO _5aRph\" dir=\"auto\"><span class=\"eEPyq\">Gente e Gest\u00e3o RH (31) 2531-0297 &#8211; administrativo@genteegestaorh.com.br<\/span><\/p>\n<\/div>\n<div data-breakout=\"normal\">\n<p id=\"viewer-4r6us\" class=\"_9Y3C- AEhjf c9HmO _5aRph\" dir=\"auto\"><span class=\"eEPyq\">Gostou?! Compartilhe com artigo com seus colegas Psic\u00f3logos ou Gestores de RH.<\/span><\/p>\n<\/div>\n","protected":false},"excerpt":{"rendered":"<p>A entrevista por compet\u00eancia foi o tema com maior visibilidade em m\u00eddia e nas discuss\u00f5es sobre gest\u00e3o de RH nos \u00faltimos anos. A entrevista continua sendo o instrumento universal para todos os procedimentos de gest\u00e3o de pessoas e talentos nas empresas. Muito utilizada para subsidiar Avalia\u00e7\u00e3o Psicol\u00f3gica e o Recrutamento e Sele\u00e7\u00e3o. O mundo mudou, [&hellip;]<\/p>\n","protected":false},"author":1,"featured_media":70,"comment_status":"open","ping_status":"open","sticky":false,"template":"","format":"standard","meta":{"om_disable_all_campaigns":false,"_monsterinsights_skip_tracking":false,"_monsterinsights_sitenote_active":false,"_monsterinsights_sitenote_note":"","_monsterinsights_sitenote_category":0,"footnotes":""},"categories":[6],"tags":[13,14,17,10,18,19,15,12,16,9],"class_list":["post-149","post","type-post","status-publish","format-standard","has-post-thumbnail","hentry","category-blog","tag-ensino","tag-funcionarios","tag-gestao","tag-mental","tag-pessoas","tag-processos","tag-professores","tag-redes","tag-rh","tag-saude"],"yoast_head":"<!-- This site is optimized with the Yoast SEO plugin v27.2 - https:\/\/yoast.com\/product\/yoast-seo-wordpress\/ -->\n<title>Como realizar entrevista por compet\u00eancia - Gente e Gest\u00e3o RH<\/title>\n<meta name=\"robots\" content=\"index, follow, max-snippet:-1, max-image-preview:large, max-video-preview:-1\" \/>\n<link rel=\"canonical\" href=\"https:\/\/www.genteegestaorh.com.br\/blog\/como-realizar-entrevista-por-competencia\/\" \/>\n<meta property=\"og:locale\" content=\"pt_BR\" \/>\n<meta property=\"og:type\" content=\"article\" \/>\n<meta property=\"og:title\" content=\"Como realizar entrevista por compet\u00eancia - Gente e Gest\u00e3o RH\" \/>\n<meta property=\"og:description\" content=\"A entrevista por compet\u00eancia foi o tema com maior visibilidade em m\u00eddia e nas discuss\u00f5es sobre gest\u00e3o de RH nos \u00faltimos anos. A entrevista continua sendo o instrumento universal para todos os procedimentos de gest\u00e3o de pessoas e talentos nas empresas. Muito utilizada para subsidiar Avalia\u00e7\u00e3o Psicol\u00f3gica e o Recrutamento e Sele\u00e7\u00e3o. O mundo mudou, [&hellip;]\" \/>\n<meta property=\"og:url\" content=\"https:\/\/www.genteegestaorh.com.br\/blog\/como-realizar-entrevista-por-competencia\/\" \/>\n<meta property=\"og:site_name\" content=\"Gente e Gest\u00e3o RH\" \/>\n<meta property=\"article:published_time\" content=\"2025-03-28T17:45:15+00:00\" \/>\n<meta property=\"article:modified_time\" content=\"2025-04-01T15:20:02+00:00\" \/>\n<meta property=\"og:image\" content=\"https:\/\/www.genteegestaorh.com.br\/blog\/wp-content\/uploads\/2025\/03\/Como-realizar-entrevista-por-competencia.webp\" \/>\n\t<meta property=\"og:image:width\" content=\"479\" \/>\n\t<meta property=\"og:image:height\" content=\"1198\" \/>\n\t<meta property=\"og:image:type\" content=\"image\/webp\" \/>\n<meta name=\"author\" content=\"admin\" \/>\n<meta name=\"twitter:card\" content=\"summary_large_image\" \/>\n<meta name=\"twitter:label1\" content=\"Escrito por\" \/>\n\t<meta name=\"twitter:data1\" content=\"admin\" \/>\n\t<meta name=\"twitter:label2\" content=\"Est. tempo de leitura\" \/>\n\t<meta name=\"twitter:data2\" content=\"8 minutos\" \/>\n<script type=\"application\/ld+json\" class=\"yoast-schema-graph\">{\"@context\":\"https:\/\/schema.org\",\"@graph\":[{\"@type\":\"Article\",\"@id\":\"https:\/\/www.genteegestaorh.com.br\/blog\/como-realizar-entrevista-por-competencia\/#article\",\"isPartOf\":{\"@id\":\"https:\/\/www.genteegestaorh.com.br\/blog\/como-realizar-entrevista-por-competencia\/\"},\"author\":{\"name\":\"admin\",\"@id\":\"https:\/\/www.genteegestaorh.com.br\/blog\/#\/schema\/person\/4d803c9114fd7a900343e1f74909bf21\"},\"headline\":\"Como realizar entrevista por compet\u00eancia\",\"datePublished\":\"2025-03-28T17:45:15+00:00\",\"dateModified\":\"2025-04-01T15:20:02+00:00\",\"mainEntityOfPage\":{\"@id\":\"https:\/\/www.genteegestaorh.com.br\/blog\/como-realizar-entrevista-por-competencia\/\"},\"wordCount\":1670,\"commentCount\":0,\"publisher\":{\"@id\":\"https:\/\/www.genteegestaorh.com.br\/blog\/#organization\"},\"image\":{\"@id\":\"https:\/\/www.genteegestaorh.com.br\/blog\/como-realizar-entrevista-por-competencia\/#primaryimage\"},\"thumbnailUrl\":\"https:\/\/www.genteegestaorh.com.br\/blog\/wp-content\/uploads\/2025\/03\/Como-realizar-entrevista-por-competencia.webp\",\"keywords\":[\"Ensino\",\"Funcion\u00e1rios\",\"Gest\u00e3o\",\"mental\",\"Pessoas\",\"Processos\",\"Professores\",\"Redes\",\"RH\",\"Sa\u00fade\"],\"articleSection\":[\"Blog\"],\"inLanguage\":\"pt-BR\",\"potentialAction\":[{\"@type\":\"CommentAction\",\"name\":\"Comment\",\"target\":[\"https:\/\/www.genteegestaorh.com.br\/blog\/como-realizar-entrevista-por-competencia\/#respond\"]}]},{\"@type\":\"WebPage\",\"@id\":\"https:\/\/www.genteegestaorh.com.br\/blog\/como-realizar-entrevista-por-competencia\/\",\"url\":\"https:\/\/www.genteegestaorh.com.br\/blog\/como-realizar-entrevista-por-competencia\/\",\"name\":\"Como realizar entrevista por compet\u00eancia - Gente e Gest\u00e3o RH\",\"isPartOf\":{\"@id\":\"https:\/\/www.genteegestaorh.com.br\/blog\/#website\"},\"primaryImageOfPage\":{\"@id\":\"https:\/\/www.genteegestaorh.com.br\/blog\/como-realizar-entrevista-por-competencia\/#primaryimage\"},\"image\":{\"@id\":\"https:\/\/www.genteegestaorh.com.br\/blog\/como-realizar-entrevista-por-competencia\/#primaryimage\"},\"thumbnailUrl\":\"https:\/\/www.genteegestaorh.com.br\/blog\/wp-content\/uploads\/2025\/03\/Como-realizar-entrevista-por-competencia.webp\",\"datePublished\":\"2025-03-28T17:45:15+00:00\",\"dateModified\":\"2025-04-01T15:20:02+00:00\",\"breadcrumb\":{\"@id\":\"https:\/\/www.genteegestaorh.com.br\/blog\/como-realizar-entrevista-por-competencia\/#breadcrumb\"},\"inLanguage\":\"pt-BR\",\"potentialAction\":[{\"@type\":\"ReadAction\",\"target\":[\"https:\/\/www.genteegestaorh.com.br\/blog\/como-realizar-entrevista-por-competencia\/\"]}]},{\"@type\":\"ImageObject\",\"inLanguage\":\"pt-BR\",\"@id\":\"https:\/\/www.genteegestaorh.com.br\/blog\/como-realizar-entrevista-por-competencia\/#primaryimage\",\"url\":\"https:\/\/www.genteegestaorh.com.br\/blog\/wp-content\/uploads\/2025\/03\/Como-realizar-entrevista-por-competencia.webp\",\"contentUrl\":\"https:\/\/www.genteegestaorh.com.br\/blog\/wp-content\/uploads\/2025\/03\/Como-realizar-entrevista-por-competencia.webp\",\"width\":479,\"height\":1198,\"caption\":\"Como realizar entrevista por compet\u00eancia\"},{\"@type\":\"BreadcrumbList\",\"@id\":\"https:\/\/www.genteegestaorh.com.br\/blog\/como-realizar-entrevista-por-competencia\/#breadcrumb\",\"itemListElement\":[{\"@type\":\"ListItem\",\"position\":1,\"name\":\"In\u00edcio\",\"item\":\"https:\/\/www.genteegestaorh.com.br\/blog\/\"},{\"@type\":\"ListItem\",\"position\":2,\"name\":\"Como realizar entrevista por compet\u00eancia\"}]},{\"@type\":\"WebSite\",\"@id\":\"https:\/\/www.genteegestaorh.com.br\/blog\/#website\",\"url\":\"https:\/\/www.genteegestaorh.com.br\/blog\/\",\"name\":\"Gente e Gest\u00e3o RH\",\"description\":\"\",\"publisher\":{\"@id\":\"https:\/\/www.genteegestaorh.com.br\/blog\/#organization\"},\"potentialAction\":[{\"@type\":\"SearchAction\",\"target\":{\"@type\":\"EntryPoint\",\"urlTemplate\":\"https:\/\/www.genteegestaorh.com.br\/blog\/?s={search_term_string}\"},\"query-input\":{\"@type\":\"PropertyValueSpecification\",\"valueRequired\":true,\"valueName\":\"search_term_string\"}}],\"inLanguage\":\"pt-BR\"},{\"@type\":\"Organization\",\"@id\":\"https:\/\/www.genteegestaorh.com.br\/blog\/#organization\",\"name\":\"Gente e Gest\u00e3o RH\",\"url\":\"https:\/\/www.genteegestaorh.com.br\/blog\/\",\"logo\":{\"@type\":\"ImageObject\",\"inLanguage\":\"pt-BR\",\"@id\":\"https:\/\/www.genteegestaorh.com.br\/blog\/#\/schema\/logo\/image\/\",\"url\":\"https:\/\/www.genteegestaorh.com.br\/blog\/wp-content\/uploads\/2025\/03\/cropped-logo.png\",\"contentUrl\":\"https:\/\/www.genteegestaorh.com.br\/blog\/wp-content\/uploads\/2025\/03\/cropped-logo.png\",\"width\":240,\"height\":54,\"caption\":\"Gente e Gest\u00e3o RH\"},\"image\":{\"@id\":\"https:\/\/www.genteegestaorh.com.br\/blog\/#\/schema\/logo\/image\/\"},\"sameAs\":[\"https:\/\/www.linkedin.com\/company\/gente-e-gesto-rh\/?originalSubdomain=br\",\"https:\/\/www.instagram.com\/genteegestaoconsulting?igsh=MXdqeWpubjBiNTk4cw\"]},{\"@type\":\"Person\",\"@id\":\"https:\/\/www.genteegestaorh.com.br\/blog\/#\/schema\/person\/4d803c9114fd7a900343e1f74909bf21\",\"name\":\"admin\",\"image\":{\"@type\":\"ImageObject\",\"inLanguage\":\"pt-BR\",\"@id\":\"https:\/\/secure.gravatar.com\/avatar\/dc9fe7152e5f3cfbf103693153c2d28ad4ab1de63d92f14252b0856dae70693a?s=96&d=mm&r=g\",\"url\":\"https:\/\/secure.gravatar.com\/avatar\/dc9fe7152e5f3cfbf103693153c2d28ad4ab1de63d92f14252b0856dae70693a?s=96&d=mm&r=g\",\"contentUrl\":\"https:\/\/secure.gravatar.com\/avatar\/dc9fe7152e5f3cfbf103693153c2d28ad4ab1de63d92f14252b0856dae70693a?s=96&d=mm&r=g\",\"caption\":\"admin\"},\"sameAs\":[\"https:\/\/temporario.agenciasense.com.br\/projetos\/gestao-rh\"],\"url\":\"https:\/\/www.genteegestaorh.com.br\/blog\/author\/admin\/\"}]}<\/script>\n<!-- \/ Yoast SEO plugin. -->","yoast_head_json":{"title":"Como realizar entrevista por compet\u00eancia - Gente e Gest\u00e3o RH","robots":{"index":"index","follow":"follow","max-snippet":"max-snippet:-1","max-image-preview":"max-image-preview:large","max-video-preview":"max-video-preview:-1"},"canonical":"https:\/\/www.genteegestaorh.com.br\/blog\/como-realizar-entrevista-por-competencia\/","og_locale":"pt_BR","og_type":"article","og_title":"Como realizar entrevista por compet\u00eancia - Gente e Gest\u00e3o RH","og_description":"A entrevista por compet\u00eancia foi o tema com maior visibilidade em m\u00eddia e nas discuss\u00f5es sobre gest\u00e3o de RH nos \u00faltimos anos. A entrevista continua sendo o instrumento universal para todos os procedimentos de gest\u00e3o de pessoas e talentos nas empresas. Muito utilizada para subsidiar Avalia\u00e7\u00e3o Psicol\u00f3gica e o Recrutamento e Sele\u00e7\u00e3o. O mundo mudou, [&hellip;]","og_url":"https:\/\/www.genteegestaorh.com.br\/blog\/como-realizar-entrevista-por-competencia\/","og_site_name":"Gente e Gest\u00e3o RH","article_published_time":"2025-03-28T17:45:15+00:00","article_modified_time":"2025-04-01T15:20:02+00:00","og_image":[{"width":479,"height":1198,"url":"https:\/\/www.genteegestaorh.com.br\/blog\/wp-content\/uploads\/2025\/03\/Como-realizar-entrevista-por-competencia.webp","type":"image\/webp"}],"author":"admin","twitter_card":"summary_large_image","twitter_misc":{"Escrito por":"admin","Est. tempo de leitura":"8 minutos"},"schema":{"@context":"https:\/\/schema.org","@graph":[{"@type":"Article","@id":"https:\/\/www.genteegestaorh.com.br\/blog\/como-realizar-entrevista-por-competencia\/#article","isPartOf":{"@id":"https:\/\/www.genteegestaorh.com.br\/blog\/como-realizar-entrevista-por-competencia\/"},"author":{"name":"admin","@id":"https:\/\/www.genteegestaorh.com.br\/blog\/#\/schema\/person\/4d803c9114fd7a900343e1f74909bf21"},"headline":"Como realizar entrevista por compet\u00eancia","datePublished":"2025-03-28T17:45:15+00:00","dateModified":"2025-04-01T15:20:02+00:00","mainEntityOfPage":{"@id":"https:\/\/www.genteegestaorh.com.br\/blog\/como-realizar-entrevista-por-competencia\/"},"wordCount":1670,"commentCount":0,"publisher":{"@id":"https:\/\/www.genteegestaorh.com.br\/blog\/#organization"},"image":{"@id":"https:\/\/www.genteegestaorh.com.br\/blog\/como-realizar-entrevista-por-competencia\/#primaryimage"},"thumbnailUrl":"https:\/\/www.genteegestaorh.com.br\/blog\/wp-content\/uploads\/2025\/03\/Como-realizar-entrevista-por-competencia.webp","keywords":["Ensino","Funcion\u00e1rios","Gest\u00e3o","mental","Pessoas","Processos","Professores","Redes","RH","Sa\u00fade"],"articleSection":["Blog"],"inLanguage":"pt-BR","potentialAction":[{"@type":"CommentAction","name":"Comment","target":["https:\/\/www.genteegestaorh.com.br\/blog\/como-realizar-entrevista-por-competencia\/#respond"]}]},{"@type":"WebPage","@id":"https:\/\/www.genteegestaorh.com.br\/blog\/como-realizar-entrevista-por-competencia\/","url":"https:\/\/www.genteegestaorh.com.br\/blog\/como-realizar-entrevista-por-competencia\/","name":"Como realizar entrevista por compet\u00eancia - Gente e Gest\u00e3o RH","isPartOf":{"@id":"https:\/\/www.genteegestaorh.com.br\/blog\/#website"},"primaryImageOfPage":{"@id":"https:\/\/www.genteegestaorh.com.br\/blog\/como-realizar-entrevista-por-competencia\/#primaryimage"},"image":{"@id":"https:\/\/www.genteegestaorh.com.br\/blog\/como-realizar-entrevista-por-competencia\/#primaryimage"},"thumbnailUrl":"https:\/\/www.genteegestaorh.com.br\/blog\/wp-content\/uploads\/2025\/03\/Como-realizar-entrevista-por-competencia.webp","datePublished":"2025-03-28T17:45:15+00:00","dateModified":"2025-04-01T15:20:02+00:00","breadcrumb":{"@id":"https:\/\/www.genteegestaorh.com.br\/blog\/como-realizar-entrevista-por-competencia\/#breadcrumb"},"inLanguage":"pt-BR","potentialAction":[{"@type":"ReadAction","target":["https:\/\/www.genteegestaorh.com.br\/blog\/como-realizar-entrevista-por-competencia\/"]}]},{"@type":"ImageObject","inLanguage":"pt-BR","@id":"https:\/\/www.genteegestaorh.com.br\/blog\/como-realizar-entrevista-por-competencia\/#primaryimage","url":"https:\/\/www.genteegestaorh.com.br\/blog\/wp-content\/uploads\/2025\/03\/Como-realizar-entrevista-por-competencia.webp","contentUrl":"https:\/\/www.genteegestaorh.com.br\/blog\/wp-content\/uploads\/2025\/03\/Como-realizar-entrevista-por-competencia.webp","width":479,"height":1198,"caption":"Como realizar entrevista por compet\u00eancia"},{"@type":"BreadcrumbList","@id":"https:\/\/www.genteegestaorh.com.br\/blog\/como-realizar-entrevista-por-competencia\/#breadcrumb","itemListElement":[{"@type":"ListItem","position":1,"name":"In\u00edcio","item":"https:\/\/www.genteegestaorh.com.br\/blog\/"},{"@type":"ListItem","position":2,"name":"Como realizar entrevista por compet\u00eancia"}]},{"@type":"WebSite","@id":"https:\/\/www.genteegestaorh.com.br\/blog\/#website","url":"https:\/\/www.genteegestaorh.com.br\/blog\/","name":"Gente e Gest\u00e3o RH","description":"","publisher":{"@id":"https:\/\/www.genteegestaorh.com.br\/blog\/#organization"},"potentialAction":[{"@type":"SearchAction","target":{"@type":"EntryPoint","urlTemplate":"https:\/\/www.genteegestaorh.com.br\/blog\/?s={search_term_string}"},"query-input":{"@type":"PropertyValueSpecification","valueRequired":true,"valueName":"search_term_string"}}],"inLanguage":"pt-BR"},{"@type":"Organization","@id":"https:\/\/www.genteegestaorh.com.br\/blog\/#organization","name":"Gente e Gest\u00e3o RH","url":"https:\/\/www.genteegestaorh.com.br\/blog\/","logo":{"@type":"ImageObject","inLanguage":"pt-BR","@id":"https:\/\/www.genteegestaorh.com.br\/blog\/#\/schema\/logo\/image\/","url":"https:\/\/www.genteegestaorh.com.br\/blog\/wp-content\/uploads\/2025\/03\/cropped-logo.png","contentUrl":"https:\/\/www.genteegestaorh.com.br\/blog\/wp-content\/uploads\/2025\/03\/cropped-logo.png","width":240,"height":54,"caption":"Gente e Gest\u00e3o RH"},"image":{"@id":"https:\/\/www.genteegestaorh.com.br\/blog\/#\/schema\/logo\/image\/"},"sameAs":["https:\/\/www.linkedin.com\/company\/gente-e-gesto-rh\/?originalSubdomain=br","https:\/\/www.instagram.com\/genteegestaoconsulting?igsh=MXdqeWpubjBiNTk4cw"]},{"@type":"Person","@id":"https:\/\/www.genteegestaorh.com.br\/blog\/#\/schema\/person\/4d803c9114fd7a900343e1f74909bf21","name":"admin","image":{"@type":"ImageObject","inLanguage":"pt-BR","@id":"https:\/\/secure.gravatar.com\/avatar\/dc9fe7152e5f3cfbf103693153c2d28ad4ab1de63d92f14252b0856dae70693a?s=96&d=mm&r=g","url":"https:\/\/secure.gravatar.com\/avatar\/dc9fe7152e5f3cfbf103693153c2d28ad4ab1de63d92f14252b0856dae70693a?s=96&d=mm&r=g","contentUrl":"https:\/\/secure.gravatar.com\/avatar\/dc9fe7152e5f3cfbf103693153c2d28ad4ab1de63d92f14252b0856dae70693a?s=96&d=mm&r=g","caption":"admin"},"sameAs":["https:\/\/temporario.agenciasense.com.br\/projetos\/gestao-rh"],"url":"https:\/\/www.genteegestaorh.com.br\/blog\/author\/admin\/"}]}},"_links":{"self":[{"href":"https:\/\/www.genteegestaorh.com.br\/blog\/wp-json\/wp\/v2\/posts\/149","targetHints":{"allow":["GET"]}}],"collection":[{"href":"https:\/\/www.genteegestaorh.com.br\/blog\/wp-json\/wp\/v2\/posts"}],"about":[{"href":"https:\/\/www.genteegestaorh.com.br\/blog\/wp-json\/wp\/v2\/types\/post"}],"author":[{"embeddable":true,"href":"https:\/\/www.genteegestaorh.com.br\/blog\/wp-json\/wp\/v2\/users\/1"}],"replies":[{"embeddable":true,"href":"https:\/\/www.genteegestaorh.com.br\/blog\/wp-json\/wp\/v2\/comments?post=149"}],"version-history":[{"count":1,"href":"https:\/\/www.genteegestaorh.com.br\/blog\/wp-json\/wp\/v2\/posts\/149\/revisions"}],"predecessor-version":[{"id":150,"href":"https:\/\/www.genteegestaorh.com.br\/blog\/wp-json\/wp\/v2\/posts\/149\/revisions\/150"}],"wp:featuredmedia":[{"embeddable":true,"href":"https:\/\/www.genteegestaorh.com.br\/blog\/wp-json\/wp\/v2\/media\/70"}],"wp:attachment":[{"href":"https:\/\/www.genteegestaorh.com.br\/blog\/wp-json\/wp\/v2\/media?parent=149"}],"wp:term":[{"taxonomy":"category","embeddable":true,"href":"https:\/\/www.genteegestaorh.com.br\/blog\/wp-json\/wp\/v2\/categories?post=149"},{"taxonomy":"post_tag","embeddable":true,"href":"https:\/\/www.genteegestaorh.com.br\/blog\/wp-json\/wp\/v2\/tags?post=149"}],"curies":[{"name":"wp","href":"https:\/\/api.w.org\/{rel}","templated":true}]}}