{"id":296,"date":"2025-04-23T20:14:40","date_gmt":"2025-04-23T23:14:40","guid":{"rendered":"https:\/\/www.genteegestaorh.com.br\/blog\/?p=296"},"modified":"2025-04-23T20:14:40","modified_gmt":"2025-04-23T23:14:40","slug":"o-que-voce-espera-da-agilidade-para-2025-tendencias","status":"publish","type":"post","link":"https:\/\/www.genteegestaorh.com.br\/blog\/o-que-voce-espera-da-agilidade-para-2025-tendencias\/","title":{"rendered":"O que voc\u00ea espera da Agilidade para 2025: Tend\u00eancias"},"content":{"rendered":"<p id=\"tn0v434949\" class=\"Afqu0 _1b6kf\" data-pm-slice=\"1 1 []\">As proje\u00e7\u00f5es para a \u00e1rea de agilidade em 2025 destacam uma evolu\u00e7\u00e3o significativa nas pr\u00e1ticas, metodologias e formas de implementa\u00e7\u00e3o da agilidade dentro das organiza\u00e7\u00f5es. Como especialistas, segue uma vis\u00e3o das principais tend\u00eancias:<\/p>\n<p id=\"hzsz434951\" class=\"Afqu0 _1b6kf\"><strong>1. Expans\u00e3o do Business Agility<\/strong><\/p>\n<p id=\"inp0z34953\" class=\"Afqu0 _1b6kf\">\u2022 Foco na Organiza\u00e7\u00e3o como um Todo: Agilidade deixar\u00e1 de ser restrita a \u00e1reas de TI e produtos, abrangendo todas as fun\u00e7\u00f5es organizacionais, como RH, Marketing e Finan\u00e7as.<\/p>\n<p id=\"40ukd34955\" class=\"Afqu0 _1b6kf\">\u2022 Integra\u00e7\u00e3o Estrat\u00e9gica: Modelos \u00e1geis ser\u00e3o integrados diretamente ao planejamento estrat\u00e9gico, com frameworks que conectam vis\u00e3o de longo prazo a execu\u00e7\u00f5es t\u00e1ticas.<\/p>\n<p id=\"re8xw35111\" class=\"Afqu0 _1b6kf\"><strong>2. Crescimento dos Frameworks H\u00edbridos<\/strong><\/p>\n<p id=\"jevjn34959\" class=\"Afqu0 _1b6kf\">\u2022 Combina\u00e7\u00e3o de M\u00e9todos: Ado\u00e7\u00e3o de frameworks h\u00edbridos (ex.: SAFe + Kanban, OKRs + Scrum) para adaptar metodologias \u00e0s necessidades espec\u00edficas das empresas.<\/p>\n<p id=\"ksqtl34961\" class=\"Afqu0 _1b6kf\">\u2022 Customiza\u00e7\u00e3o Flex\u00edvel: As organiza\u00e7\u00f5es buscar\u00e3o pr\u00e1ticas \u00e1geis mais personaliz\u00e1veis e menos dogm\u00e1ticas.<\/p>\n<p id=\"ezhy534963\" class=\"Afqu0 _1b6kf\"><strong>3. Agilidade Sustent\u00e1vel e Hol\u00edstica<\/strong><\/p>\n<p id=\"z11rm34965\" class=\"Afqu0 _1b6kf\">\u2022 Foco em Resultados Sustent\u00e1veis: Pr\u00e1ticas \u00e1geis ser\u00e3o mais orientadas para impactos a longo prazo e menos para entregas r\u00e1pidas sem valor estrat\u00e9gico.<\/p>\n<p id=\"zfatl34967\" class=\"Afqu0 _1b6kf\">\u2022 Sa\u00fade Organizacional: Valoriza\u00e7\u00e3o de aspectos como bem-estar das equipes, diversidade e inclus\u00e3o no ambiente \u00e1gil.<\/p>\n<p id=\"vy1p335277\" class=\"Afqu0 _1b6kf\"><strong>4. Hiperautomatiza\u00e7\u00e3o e AI na Agilidade<\/strong><\/p>\n<p id=\"t8d1134971\" class=\"Afqu0 _1b6kf\">\u2022 Agilidade Potencializada por Tecnologia: A intelig\u00eancia artificial generativa e a automa\u00e7\u00e3o ganhar\u00e3o espa\u00e7o em atividades como refinamento de backlog, estimativas e m\u00e9tricas preditivas.<\/p>\n<p id=\"027cb34973\" class=\"Afqu0 _1b6kf\">\u2022 Ferramentas Inteligentes: Uso crescente de ferramentas que integram AI e Big Data para tomada de decis\u00e3o mais \u00e1gil e assertiva.<\/p>\n<p id=\"nekmh35360\" class=\"Afqu0 _1b6kf\"><strong>5. Decentraliza\u00e7\u00e3o e Times Aut\u00f4nomos<\/strong><\/p>\n<p id=\"up7zh34977\" class=\"Afqu0 _1b6kf\">\u2022 Autonomia em Escala: Fortalecimento da autonomia de times por meio de governan\u00e7a descentralizada e maior confian\u00e7a em lideran\u00e7as locais.<\/p>\n<p id=\"wiblf34979\" class=\"Afqu0 _1b6kf\">\u2022 Lideran\u00e7a Servidora: O papel do l\u00edder \u00e1gil ser\u00e1 refor\u00e7ado como facilitador, mentor e promotor de resultados colaborativos.<\/p>\n<p id=\"ib5wr35443\" class=\"Afqu0 _1b6kf\"><strong>6. OKRs e Agilidade Estrat\u00e9gica<\/strong><\/p>\n<p id=\"q8p2r34983\" class=\"Afqu0 _1b6kf\">\u2022 Objetivos Conectados: Uso de OKRs (Objectives and Key Results) como ferramenta central para conectar pr\u00e1ticas \u00e1geis \u00e0 vis\u00e3o organizacional.<\/p>\n<p id=\"8y3ty34985\" class=\"Afqu0 _1b6kf\">\u2022 Evolu\u00e7\u00e3o de KPIs: M\u00e9tricas \u00e1geis passar\u00e3o a ter foco no impacto estrat\u00e9gico e na gera\u00e7\u00e3o de valor para o cliente final.<\/p>\n<p id=\"ryl8x35526\" class=\"Afqu0 _1b6kf\"><strong>7. Foco na Cultura de Aprendizado Cont\u00ednuo<\/strong><\/p>\n<p id=\"g11yk34989\" class=\"Afqu0 _1b6kf\">\u2022 Investimento em Upskilling: Ado\u00e7\u00e3o de treinamentos cont\u00ednuos para equipes \u00e1geis, com \u00eanfase em habilidades de design thinking, resolu\u00e7\u00e3o de problemas complexos e inova\u00e7\u00e3o.<\/p>\n<p id=\"7l9i634991\" class=\"Afqu0 _1b6kf\">\u2022 Growth Mindset: A cultura \u00e1gil ser\u00e1 amplificada por mentalidades de aprendizado e adapta\u00e7\u00e3o cont\u00ednuos.<\/p>\n<p id=\"1pybu35609\" class=\"Afqu0 _1b6kf\"><strong>8. Governan\u00e7a \u00c1gil e Regula\u00e7\u00e3o<\/strong><\/p>\n<p id=\"alukc34995\" class=\"Afqu0 _1b6kf\">\u2022 Compliance \u00c1gil: Empresas buscar\u00e3o frameworks que combinem agilidade com requisitos regulat\u00f3rios, especialmente em setores como finan\u00e7as, sa\u00fade e tecnologia.<\/p>\n<p id=\"4o90h34997\" class=\"Afqu0 _1b6kf\">\u2022 Governan\u00e7a Lean: Equil\u00edbrio entre flexibilidade e controle ser\u00e1 essencial, com modelos que garantam alinhamento estrat\u00e9gico sem engessar processos.<\/p>\n<p id=\"xwr2g35692\" class=\"Afqu0 _1b6kf\">Essas tend\u00eancias refletem um amadurecimento da agilidade, com foco na integra\u00e7\u00e3o de estrat\u00e9gias, na sustentabilidade dos resultados e no uso de tecnologia como catalisador da transforma\u00e7\u00e3o organizacional.<\/p>\n<p id=\"kbtfh35747\" class=\"Afqu0 _1b6kf\">E n\u00f3s somos uma consultoria especializada na aplica\u00e7\u00e3o dos princ\u00edpios e pr\u00e1ticas de agilidade e podemos ajudar a sua empresa nessa jornada!<\/p>\n","protected":false},"excerpt":{"rendered":"<p>As proje\u00e7\u00f5es para a \u00e1rea de agilidade em 2025 destacam uma evolu\u00e7\u00e3o significativa nas pr\u00e1ticas, metodologias e formas de implementa\u00e7\u00e3o da agilidade dentro das organiza\u00e7\u00f5es. Como especialistas, segue uma vis\u00e3o das principais tend\u00eancias: 1. Expans\u00e3o do Business Agility \u2022 Foco na Organiza\u00e7\u00e3o como um Todo: Agilidade deixar\u00e1 de ser restrita a \u00e1reas de TI e [&hellip;]<\/p>\n","protected":false},"author":1,"featured_media":0,"comment_status":"open","ping_status":"open","sticky":false,"template":"","format":"standard","meta":{"om_disable_all_campaigns":false,"_monsterinsights_skip_tracking":false,"_monsterinsights_sitenote_active":false,"_monsterinsights_sitenote_note":"","_monsterinsights_sitenote_category":0,"footnotes":""},"categories":[1],"tags":[],"class_list":["post-296","post","type-post","status-publish","format-standard","hentry","category-sem-categoria"],"yoast_head":"<!-- This site is optimized with the Yoast SEO plugin v27.2 - https:\/\/yoast.com\/product\/yoast-seo-wordpress\/ -->\n<title>O que voc\u00ea espera da Agilidade para 2025: Tend\u00eancias - Gente e Gest\u00e3o RH<\/title>\n<meta name=\"robots\" content=\"index, follow, max-snippet:-1, max-image-preview:large, max-video-preview:-1\" \/>\n<link rel=\"canonical\" href=\"https:\/\/www.genteegestaorh.com.br\/blog\/o-que-voce-espera-da-agilidade-para-2025-tendencias\/\" \/>\n<meta property=\"og:locale\" content=\"pt_BR\" \/>\n<meta property=\"og:type\" content=\"article\" \/>\n<meta property=\"og:title\" content=\"O que voc\u00ea espera da Agilidade para 2025: Tend\u00eancias - Gente e Gest\u00e3o RH\" \/>\n<meta property=\"og:description\" content=\"As proje\u00e7\u00f5es para a \u00e1rea de agilidade em 2025 destacam uma evolu\u00e7\u00e3o significativa nas pr\u00e1ticas, metodologias e formas de implementa\u00e7\u00e3o da agilidade dentro das organiza\u00e7\u00f5es. Como especialistas, segue uma vis\u00e3o das principais tend\u00eancias: 1. Expans\u00e3o do Business Agility \u2022 Foco na Organiza\u00e7\u00e3o como um Todo: Agilidade deixar\u00e1 de ser restrita a \u00e1reas de TI e [&hellip;]\" \/>\n<meta property=\"og:url\" content=\"https:\/\/www.genteegestaorh.com.br\/blog\/o-que-voce-espera-da-agilidade-para-2025-tendencias\/\" \/>\n<meta property=\"og:site_name\" content=\"Gente e Gest\u00e3o RH\" \/>\n<meta property=\"article:published_time\" content=\"2025-04-23T23:14:40+00:00\" \/>\n<meta name=\"author\" content=\"admin\" \/>\n<meta name=\"twitter:card\" content=\"summary_large_image\" \/>\n<meta name=\"twitter:label1\" content=\"Escrito por\" \/>\n\t<meta name=\"twitter:data1\" content=\"admin\" \/>\n\t<meta name=\"twitter:label2\" content=\"Est. tempo de leitura\" \/>\n\t<meta name=\"twitter:data2\" content=\"3 minutos\" \/>\n<script type=\"application\/ld+json\" class=\"yoast-schema-graph\">{\"@context\":\"https:\/\/schema.org\",\"@graph\":[{\"@type\":\"Article\",\"@id\":\"https:\/\/www.genteegestaorh.com.br\/blog\/o-que-voce-espera-da-agilidade-para-2025-tendencias\/#article\",\"isPartOf\":{\"@id\":\"https:\/\/www.genteegestaorh.com.br\/blog\/o-que-voce-espera-da-agilidade-para-2025-tendencias\/\"},\"author\":{\"name\":\"admin\",\"@id\":\"https:\/\/www.genteegestaorh.com.br\/blog\/#\/schema\/person\/4d803c9114fd7a900343e1f74909bf21\"},\"headline\":\"O que voc\u00ea espera da Agilidade para 2025: Tend\u00eancias\",\"datePublished\":\"2025-04-23T23:14:40+00:00\",\"mainEntityOfPage\":{\"@id\":\"https:\/\/www.genteegestaorh.com.br\/blog\/o-que-voce-espera-da-agilidade-para-2025-tendencias\/\"},\"wordCount\":522,\"commentCount\":0,\"publisher\":{\"@id\":\"https:\/\/www.genteegestaorh.com.br\/blog\/#organization\"},\"inLanguage\":\"pt-BR\",\"potentialAction\":[{\"@type\":\"CommentAction\",\"name\":\"Comment\",\"target\":[\"https:\/\/www.genteegestaorh.com.br\/blog\/o-que-voce-espera-da-agilidade-para-2025-tendencias\/#respond\"]}]},{\"@type\":\"WebPage\",\"@id\":\"https:\/\/www.genteegestaorh.com.br\/blog\/o-que-voce-espera-da-agilidade-para-2025-tendencias\/\",\"url\":\"https:\/\/www.genteegestaorh.com.br\/blog\/o-que-voce-espera-da-agilidade-para-2025-tendencias\/\",\"name\":\"O que voc\u00ea espera da Agilidade para 2025: Tend\u00eancias - Gente e Gest\u00e3o RH\",\"isPartOf\":{\"@id\":\"https:\/\/www.genteegestaorh.com.br\/blog\/#website\"},\"datePublished\":\"2025-04-23T23:14:40+00:00\",\"breadcrumb\":{\"@id\":\"https:\/\/www.genteegestaorh.com.br\/blog\/o-que-voce-espera-da-agilidade-para-2025-tendencias\/#breadcrumb\"},\"inLanguage\":\"pt-BR\",\"potentialAction\":[{\"@type\":\"ReadAction\",\"target\":[\"https:\/\/www.genteegestaorh.com.br\/blog\/o-que-voce-espera-da-agilidade-para-2025-tendencias\/\"]}]},{\"@type\":\"BreadcrumbList\",\"@id\":\"https:\/\/www.genteegestaorh.com.br\/blog\/o-que-voce-espera-da-agilidade-para-2025-tendencias\/#breadcrumb\",\"itemListElement\":[{\"@type\":\"ListItem\",\"position\":1,\"name\":\"In\u00edcio\",\"item\":\"https:\/\/www.genteegestaorh.com.br\/blog\/\"},{\"@type\":\"ListItem\",\"position\":2,\"name\":\"O que voc\u00ea espera da Agilidade para 2025: Tend\u00eancias\"}]},{\"@type\":\"WebSite\",\"@id\":\"https:\/\/www.genteegestaorh.com.br\/blog\/#website\",\"url\":\"https:\/\/www.genteegestaorh.com.br\/blog\/\",\"name\":\"Gente e Gest\u00e3o RH\",\"description\":\"\",\"publisher\":{\"@id\":\"https:\/\/www.genteegestaorh.com.br\/blog\/#organization\"},\"potentialAction\":[{\"@type\":\"SearchAction\",\"target\":{\"@type\":\"EntryPoint\",\"urlTemplate\":\"https:\/\/www.genteegestaorh.com.br\/blog\/?s={search_term_string}\"},\"query-input\":{\"@type\":\"PropertyValueSpecification\",\"valueRequired\":true,\"valueName\":\"search_term_string\"}}],\"inLanguage\":\"pt-BR\"},{\"@type\":\"Organization\",\"@id\":\"https:\/\/www.genteegestaorh.com.br\/blog\/#organization\",\"name\":\"Gente e Gest\u00e3o RH\",\"url\":\"https:\/\/www.genteegestaorh.com.br\/blog\/\",\"logo\":{\"@type\":\"ImageObject\",\"inLanguage\":\"pt-BR\",\"@id\":\"https:\/\/www.genteegestaorh.com.br\/blog\/#\/schema\/logo\/image\/\",\"url\":\"https:\/\/www.genteegestaorh.com.br\/blog\/wp-content\/uploads\/2025\/03\/cropped-logo.png\",\"contentUrl\":\"https:\/\/www.genteegestaorh.com.br\/blog\/wp-content\/uploads\/2025\/03\/cropped-logo.png\",\"width\":240,\"height\":54,\"caption\":\"Gente e Gest\u00e3o RH\"},\"image\":{\"@id\":\"https:\/\/www.genteegestaorh.com.br\/blog\/#\/schema\/logo\/image\/\"},\"sameAs\":[\"https:\/\/www.linkedin.com\/company\/gente-e-gesto-rh\/?originalSubdomain=br\",\"https:\/\/www.instagram.com\/genteegestaoconsulting?igsh=MXdqeWpubjBiNTk4cw\"]},{\"@type\":\"Person\",\"@id\":\"https:\/\/www.genteegestaorh.com.br\/blog\/#\/schema\/person\/4d803c9114fd7a900343e1f74909bf21\",\"name\":\"admin\",\"image\":{\"@type\":\"ImageObject\",\"inLanguage\":\"pt-BR\",\"@id\":\"https:\/\/secure.gravatar.com\/avatar\/dc9fe7152e5f3cfbf103693153c2d28ad4ab1de63d92f14252b0856dae70693a?s=96&d=mm&r=g\",\"url\":\"https:\/\/secure.gravatar.com\/avatar\/dc9fe7152e5f3cfbf103693153c2d28ad4ab1de63d92f14252b0856dae70693a?s=96&d=mm&r=g\",\"contentUrl\":\"https:\/\/secure.gravatar.com\/avatar\/dc9fe7152e5f3cfbf103693153c2d28ad4ab1de63d92f14252b0856dae70693a?s=96&d=mm&r=g\",\"caption\":\"admin\"},\"sameAs\":[\"https:\/\/temporario.agenciasense.com.br\/projetos\/gestao-rh\"],\"url\":\"https:\/\/www.genteegestaorh.com.br\/blog\/author\/admin\/\"}]}<\/script>\n<!-- \/ Yoast SEO plugin. -->","yoast_head_json":{"title":"O que voc\u00ea espera da Agilidade para 2025: Tend\u00eancias - Gente e Gest\u00e3o RH","robots":{"index":"index","follow":"follow","max-snippet":"max-snippet:-1","max-image-preview":"max-image-preview:large","max-video-preview":"max-video-preview:-1"},"canonical":"https:\/\/www.genteegestaorh.com.br\/blog\/o-que-voce-espera-da-agilidade-para-2025-tendencias\/","og_locale":"pt_BR","og_type":"article","og_title":"O que voc\u00ea espera da Agilidade para 2025: Tend\u00eancias - Gente e Gest\u00e3o RH","og_description":"As proje\u00e7\u00f5es para a \u00e1rea de agilidade em 2025 destacam uma evolu\u00e7\u00e3o significativa nas pr\u00e1ticas, metodologias e formas de implementa\u00e7\u00e3o da agilidade dentro das organiza\u00e7\u00f5es. Como especialistas, segue uma vis\u00e3o das principais tend\u00eancias: 1. Expans\u00e3o do Business Agility \u2022 Foco na Organiza\u00e7\u00e3o como um Todo: Agilidade deixar\u00e1 de ser restrita a \u00e1reas de TI e [&hellip;]","og_url":"https:\/\/www.genteegestaorh.com.br\/blog\/o-que-voce-espera-da-agilidade-para-2025-tendencias\/","og_site_name":"Gente e Gest\u00e3o RH","article_published_time":"2025-04-23T23:14:40+00:00","author":"admin","twitter_card":"summary_large_image","twitter_misc":{"Escrito por":"admin","Est. tempo de leitura":"3 minutos"},"schema":{"@context":"https:\/\/schema.org","@graph":[{"@type":"Article","@id":"https:\/\/www.genteegestaorh.com.br\/blog\/o-que-voce-espera-da-agilidade-para-2025-tendencias\/#article","isPartOf":{"@id":"https:\/\/www.genteegestaorh.com.br\/blog\/o-que-voce-espera-da-agilidade-para-2025-tendencias\/"},"author":{"name":"admin","@id":"https:\/\/www.genteegestaorh.com.br\/blog\/#\/schema\/person\/4d803c9114fd7a900343e1f74909bf21"},"headline":"O que voc\u00ea espera da Agilidade para 2025: Tend\u00eancias","datePublished":"2025-04-23T23:14:40+00:00","mainEntityOfPage":{"@id":"https:\/\/www.genteegestaorh.com.br\/blog\/o-que-voce-espera-da-agilidade-para-2025-tendencias\/"},"wordCount":522,"commentCount":0,"publisher":{"@id":"https:\/\/www.genteegestaorh.com.br\/blog\/#organization"},"inLanguage":"pt-BR","potentialAction":[{"@type":"CommentAction","name":"Comment","target":["https:\/\/www.genteegestaorh.com.br\/blog\/o-que-voce-espera-da-agilidade-para-2025-tendencias\/#respond"]}]},{"@type":"WebPage","@id":"https:\/\/www.genteegestaorh.com.br\/blog\/o-que-voce-espera-da-agilidade-para-2025-tendencias\/","url":"https:\/\/www.genteegestaorh.com.br\/blog\/o-que-voce-espera-da-agilidade-para-2025-tendencias\/","name":"O que voc\u00ea espera da Agilidade para 2025: Tend\u00eancias - Gente e Gest\u00e3o RH","isPartOf":{"@id":"https:\/\/www.genteegestaorh.com.br\/blog\/#website"},"datePublished":"2025-04-23T23:14:40+00:00","breadcrumb":{"@id":"https:\/\/www.genteegestaorh.com.br\/blog\/o-que-voce-espera-da-agilidade-para-2025-tendencias\/#breadcrumb"},"inLanguage":"pt-BR","potentialAction":[{"@type":"ReadAction","target":["https:\/\/www.genteegestaorh.com.br\/blog\/o-que-voce-espera-da-agilidade-para-2025-tendencias\/"]}]},{"@type":"BreadcrumbList","@id":"https:\/\/www.genteegestaorh.com.br\/blog\/o-que-voce-espera-da-agilidade-para-2025-tendencias\/#breadcrumb","itemListElement":[{"@type":"ListItem","position":1,"name":"In\u00edcio","item":"https:\/\/www.genteegestaorh.com.br\/blog\/"},{"@type":"ListItem","position":2,"name":"O que voc\u00ea espera da Agilidade para 2025: Tend\u00eancias"}]},{"@type":"WebSite","@id":"https:\/\/www.genteegestaorh.com.br\/blog\/#website","url":"https:\/\/www.genteegestaorh.com.br\/blog\/","name":"Gente e Gest\u00e3o RH","description":"","publisher":{"@id":"https:\/\/www.genteegestaorh.com.br\/blog\/#organization"},"potentialAction":[{"@type":"SearchAction","target":{"@type":"EntryPoint","urlTemplate":"https:\/\/www.genteegestaorh.com.br\/blog\/?s={search_term_string}"},"query-input":{"@type":"PropertyValueSpecification","valueRequired":true,"valueName":"search_term_string"}}],"inLanguage":"pt-BR"},{"@type":"Organization","@id":"https:\/\/www.genteegestaorh.com.br\/blog\/#organization","name":"Gente e Gest\u00e3o RH","url":"https:\/\/www.genteegestaorh.com.br\/blog\/","logo":{"@type":"ImageObject","inLanguage":"pt-BR","@id":"https:\/\/www.genteegestaorh.com.br\/blog\/#\/schema\/logo\/image\/","url":"https:\/\/www.genteegestaorh.com.br\/blog\/wp-content\/uploads\/2025\/03\/cropped-logo.png","contentUrl":"https:\/\/www.genteegestaorh.com.br\/blog\/wp-content\/uploads\/2025\/03\/cropped-logo.png","width":240,"height":54,"caption":"Gente e Gest\u00e3o RH"},"image":{"@id":"https:\/\/www.genteegestaorh.com.br\/blog\/#\/schema\/logo\/image\/"},"sameAs":["https:\/\/www.linkedin.com\/company\/gente-e-gesto-rh\/?originalSubdomain=br","https:\/\/www.instagram.com\/genteegestaoconsulting?igsh=MXdqeWpubjBiNTk4cw"]},{"@type":"Person","@id":"https:\/\/www.genteegestaorh.com.br\/blog\/#\/schema\/person\/4d803c9114fd7a900343e1f74909bf21","name":"admin","image":{"@type":"ImageObject","inLanguage":"pt-BR","@id":"https:\/\/secure.gravatar.com\/avatar\/dc9fe7152e5f3cfbf103693153c2d28ad4ab1de63d92f14252b0856dae70693a?s=96&d=mm&r=g","url":"https:\/\/secure.gravatar.com\/avatar\/dc9fe7152e5f3cfbf103693153c2d28ad4ab1de63d92f14252b0856dae70693a?s=96&d=mm&r=g","contentUrl":"https:\/\/secure.gravatar.com\/avatar\/dc9fe7152e5f3cfbf103693153c2d28ad4ab1de63d92f14252b0856dae70693a?s=96&d=mm&r=g","caption":"admin"},"sameAs":["https:\/\/temporario.agenciasense.com.br\/projetos\/gestao-rh"],"url":"https:\/\/www.genteegestaorh.com.br\/blog\/author\/admin\/"}]}},"_links":{"self":[{"href":"https:\/\/www.genteegestaorh.com.br\/blog\/wp-json\/wp\/v2\/posts\/296","targetHints":{"allow":["GET"]}}],"collection":[{"href":"https:\/\/www.genteegestaorh.com.br\/blog\/wp-json\/wp\/v2\/posts"}],"about":[{"href":"https:\/\/www.genteegestaorh.com.br\/blog\/wp-json\/wp\/v2\/types\/post"}],"author":[{"embeddable":true,"href":"https:\/\/www.genteegestaorh.com.br\/blog\/wp-json\/wp\/v2\/users\/1"}],"replies":[{"embeddable":true,"href":"https:\/\/www.genteegestaorh.com.br\/blog\/wp-json\/wp\/v2\/comments?post=296"}],"version-history":[{"count":1,"href":"https:\/\/www.genteegestaorh.com.br\/blog\/wp-json\/wp\/v2\/posts\/296\/revisions"}],"predecessor-version":[{"id":375,"href":"https:\/\/www.genteegestaorh.com.br\/blog\/wp-json\/wp\/v2\/posts\/296\/revisions\/375"}],"wp:attachment":[{"href":"https:\/\/www.genteegestaorh.com.br\/blog\/wp-json\/wp\/v2\/media?parent=296"}],"wp:term":[{"taxonomy":"category","embeddable":true,"href":"https:\/\/www.genteegestaorh.com.br\/blog\/wp-json\/wp\/v2\/categories?post=296"},{"taxonomy":"post_tag","embeddable":true,"href":"https:\/\/www.genteegestaorh.com.br\/blog\/wp-json\/wp\/v2\/tags?post=296"}],"curies":[{"name":"wp","href":"https:\/\/api.w.org\/{rel}","templated":true}]}}