{"id":334,"date":"2025-04-14T15:33:35","date_gmt":"2025-04-14T18:33:35","guid":{"rendered":"https:\/\/www.genteegestaorh.com.br\/blog\/?p=334"},"modified":"2025-04-14T15:33:35","modified_gmt":"2025-04-14T18:33:35","slug":"da-visao-a-realizacao-conectando-estrategia-e-execucao","status":"publish","type":"post","link":"https:\/\/www.genteegestaorh.com.br\/blog\/da-visao-a-realizacao-conectando-estrategia-e-execucao\/","title":{"rendered":"Da Vis\u00e3o \u00e0 Realiza\u00e7\u00e3o \u2013 Conectando Estrat\u00e9gia e Execu\u00e7\u00e3o"},"content":{"rendered":"<p><img loading=\"lazy\" decoding=\"async\" class=\"alignnone size-full wp-image-335\" src=\"https:\/\/www.genteegestaorh.com.br\/blog\/wp-content\/uploads\/2025\/04\/B0F93474-8FD6-4112-B30D-2A76680165D2.png\" alt=\"\" width=\"1024\" height=\"1536\" srcset=\"https:\/\/www.genteegestaorh.com.br\/blog\/wp-content\/uploads\/2025\/04\/B0F93474-8FD6-4112-B30D-2A76680165D2.png 1024w, https:\/\/www.genteegestaorh.com.br\/blog\/wp-content\/uploads\/2025\/04\/B0F93474-8FD6-4112-B30D-2A76680165D2-200x300.png 200w, https:\/\/www.genteegestaorh.com.br\/blog\/wp-content\/uploads\/2025\/04\/B0F93474-8FD6-4112-B30D-2A76680165D2-683x1024.png 683w, https:\/\/www.genteegestaorh.com.br\/blog\/wp-content\/uploads\/2025\/04\/B0F93474-8FD6-4112-B30D-2A76680165D2-768x1152.png 768w\" sizes=\"auto, (max-width: 1024px) 100vw, 1024px\" \/><\/p>\n<p>Vamos entender o porque \u00e9 t\u00e3o simples realizar essa conex\u00e3o. Vou explicar passo a passo \u2026.<\/p>\n<p><em><strong>1. Formula\u00e7\u00e3o Estrat\u00e9gica<\/strong><\/em><\/p>\n<p>Desafio: A vis\u00e3o est\u00e1 clara, mas ainda abstrata.<\/p>\n<p>Ferramenta: OKR Estrat\u00e9gico<\/p>\n<p>A\u00e7\u00e3o:<\/p>\n<ul>\n<li>Traduz miss\u00e3o e vis\u00e3o em objetivos aspiracionais com resultados mensur\u00e1veis.<\/li>\n<li>Cria foco, alinhamento e engajamento em torno do que realmente importa.<\/li>\n<li>Garante que a estrat\u00e9gia seja compreendida do board \u00e0 base.<\/li>\n<\/ul>\n<p>Os OKRs conectam o sonho ao ch\u00e3o. Tornam a estrat\u00e9gia rastre\u00e1vel e viva.<\/p>\n<p><em><strong>2. Prioriza\u00e7\u00e3o e Aloca\u00e7\u00e3o Lean<\/strong><\/em><\/p>\n<p>Desafio: Muitas ideias, pouco direcionamento.<\/p>\n<p>Ferramenta: Lean Portfolio Management (LPM)<\/p>\n<p>A\u00e7\u00e3o:<\/p>\n<ul>\n<li>Pega os OKRs como base e traduz em \u00e9picos, iniciativas e investimentos.<\/li>\n<li>Usa Kanban de Portf\u00f3lio, Lean Budgeting e Participa\u00e7\u00e3o Executiva pra manter o foco no que mais contribui pro resultado.<\/li>\n<li>Evita desperd\u00edcio de esfor\u00e7o e dinheiro em iniciativas desalinhadas.<\/li>\n<\/ul>\n<p>O LPM transforma objetivos em investimento inteligente.<\/p>\n<p><em><strong>3. Orquestra\u00e7\u00e3o do Portf\u00f3lio com Foco em Valor<\/strong><\/em><\/p>\n<p>Desafio: A estrat\u00e9gia perde for\u00e7a no meio do caminho.<\/p>\n<p>Ferramenta: Value Management Office (VMO)<\/p>\n<p>A\u00e7\u00e3o:<\/p>\n<ul>\n<li>Atua como ponte entre estrat\u00e9gia e execu\u00e7\u00e3o.<\/li>\n<li>Garante que os times trabalhem nas iniciativas certas, monitorando impacto e valor gerado com base nos OKRs.<\/li>\n<li>Cria ciclos curtos de governan\u00e7a e feedback com transpar\u00eancia executiva.<\/li>\n<\/ul>\n<p>O VMO \u00e9 o maestro que rege a orquestra da estrat\u00e9gia.<\/p>\n<p><em><strong>4. Execu\u00e7\u00e3o Adaptativa e \u00c1gil<\/strong><\/em><\/p>\n<p>Desafio: Execu\u00e7\u00e3o lenta, pouco responsiva.<\/p>\n<p>Ferramenta: Agilidade Organizacional<\/p>\n<p>A\u00e7\u00e3o:<\/p>\n<ul>\n<li>Times entregam valor cont\u00ednuo com foco nos Key Results definidos.<\/li>\n<li>Aprendizado constante, ciclos r\u00e1pidos, ajustes de rota baseados em dados.<\/li>\n<li>Feedback do VMO realimenta o portf\u00f3lio e os OKRs.<\/li>\n<\/ul>\n<p>Com a agilidade a sua empresa entrega r\u00e1pido, aprende mais r\u00e1pido e se ajusta melhor.<\/p>\n<p>Conclus\u00e3o<\/p>\n<p>N\u00e3o \u00e9 dif\u00edcil, mas precisa de vontade para mudar.<br \/>\nEm todas as empresas pelas quais passamos \u00e9 a mesma hist\u00f3ria: estrat\u00e9gias n\u00e3o est\u00e3o claras e se perdem no middle-management.<\/p>\n<p>Quer escrever a sua hist\u00f3ria diferente? Vem com a Gente!!! Temos uma equipe especializada em entrega de valor.<\/p>\n","protected":false},"excerpt":{"rendered":"<p>Vamos entender o porque \u00e9 t\u00e3o simples realizar essa conex\u00e3o. Vou explicar passo a passo \u2026. 1. Formula\u00e7\u00e3o Estrat\u00e9gica Desafio: A vis\u00e3o est\u00e1 clara, mas ainda abstrata. Ferramenta: OKR Estrat\u00e9gico A\u00e7\u00e3o: Traduz miss\u00e3o e vis\u00e3o em objetivos aspiracionais com resultados mensur\u00e1veis. Cria foco, alinhamento e engajamento em torno do que realmente importa. Garante que a [&hellip;]<\/p>\n","protected":false},"author":2,"featured_media":0,"comment_status":"open","ping_status":"open","sticky":false,"template":"","format":"standard","meta":{"om_disable_all_campaigns":false,"_monsterinsights_skip_tracking":false,"_monsterinsights_sitenote_active":false,"_monsterinsights_sitenote_note":"","_monsterinsights_sitenote_category":0,"footnotes":""},"categories":[1],"tags":[],"class_list":["post-334","post","type-post","status-publish","format-standard","hentry","category-sem-categoria"],"yoast_head":"<!-- This site is optimized with the Yoast SEO plugin v27.2 - https:\/\/yoast.com\/product\/yoast-seo-wordpress\/ -->\n<title>Da Vis\u00e3o \u00e0 Realiza\u00e7\u00e3o \u2013 Conectando Estrat\u00e9gia e Execu\u00e7\u00e3o - Gente e Gest\u00e3o RH<\/title>\n<meta name=\"robots\" content=\"index, follow, max-snippet:-1, max-image-preview:large, max-video-preview:-1\" \/>\n<link rel=\"canonical\" href=\"https:\/\/www.genteegestaorh.com.br\/blog\/da-visao-a-realizacao-conectando-estrategia-e-execucao\/\" \/>\n<meta property=\"og:locale\" content=\"pt_BR\" \/>\n<meta property=\"og:type\" content=\"article\" \/>\n<meta property=\"og:title\" content=\"Da Vis\u00e3o \u00e0 Realiza\u00e7\u00e3o \u2013 Conectando Estrat\u00e9gia e Execu\u00e7\u00e3o - Gente e Gest\u00e3o RH\" \/>\n<meta property=\"og:description\" content=\"Vamos entender o porque \u00e9 t\u00e3o simples realizar essa conex\u00e3o. Vou explicar passo a passo \u2026. 1. Formula\u00e7\u00e3o Estrat\u00e9gica Desafio: A vis\u00e3o est\u00e1 clara, mas ainda abstrata. Ferramenta: OKR Estrat\u00e9gico A\u00e7\u00e3o: Traduz miss\u00e3o e vis\u00e3o em objetivos aspiracionais com resultados mensur\u00e1veis. Cria foco, alinhamento e engajamento em torno do que realmente importa. Garante que a [&hellip;]\" \/>\n<meta property=\"og:url\" content=\"https:\/\/www.genteegestaorh.com.br\/blog\/da-visao-a-realizacao-conectando-estrategia-e-execucao\/\" \/>\n<meta property=\"og:site_name\" content=\"Gente e Gest\u00e3o RH\" \/>\n<meta property=\"article:published_time\" content=\"2025-04-14T18:33:35+00:00\" \/>\n<meta property=\"og:image\" content=\"https:\/\/www.genteegestaorh.com.br\/blog\/wp-content\/uploads\/2025\/04\/B0F93474-8FD6-4112-B30D-2A76680165D2.png\" \/>\n\t<meta property=\"og:image:width\" content=\"1024\" \/>\n\t<meta property=\"og:image:height\" content=\"1536\" \/>\n\t<meta property=\"og:image:type\" content=\"image\/png\" \/>\n<meta name=\"author\" content=\"Adm gente e gest\u00e3o\" \/>\n<meta name=\"twitter:card\" content=\"summary_large_image\" \/>\n<meta name=\"twitter:label1\" content=\"Escrito por\" \/>\n\t<meta name=\"twitter:data1\" content=\"Adm gente e gest\u00e3o\" \/>\n\t<meta name=\"twitter:label2\" content=\"Est. tempo de leitura\" \/>\n\t<meta name=\"twitter:data2\" content=\"2 minutos\" \/>\n<script type=\"application\/ld+json\" class=\"yoast-schema-graph\">{\"@context\":\"https:\/\/schema.org\",\"@graph\":[{\"@type\":\"Article\",\"@id\":\"https:\/\/www.genteegestaorh.com.br\/blog\/da-visao-a-realizacao-conectando-estrategia-e-execucao\/#article\",\"isPartOf\":{\"@id\":\"https:\/\/www.genteegestaorh.com.br\/blog\/da-visao-a-realizacao-conectando-estrategia-e-execucao\/\"},\"author\":{\"name\":\"Adm gente e gest\u00e3o\",\"@id\":\"https:\/\/www.genteegestaorh.com.br\/blog\/#\/schema\/person\/e9afee1e6101e4424c4923ba73950ce0\"},\"headline\":\"Da Vis\u00e3o \u00e0 Realiza\u00e7\u00e3o \u2013 Conectando Estrat\u00e9gia e Execu\u00e7\u00e3o\",\"datePublished\":\"2025-04-14T18:33:35+00:00\",\"mainEntityOfPage\":{\"@id\":\"https:\/\/www.genteegestaorh.com.br\/blog\/da-visao-a-realizacao-conectando-estrategia-e-execucao\/\"},\"wordCount\":360,\"commentCount\":0,\"publisher\":{\"@id\":\"https:\/\/www.genteegestaorh.com.br\/blog\/#organization\"},\"image\":{\"@id\":\"https:\/\/www.genteegestaorh.com.br\/blog\/da-visao-a-realizacao-conectando-estrategia-e-execucao\/#primaryimage\"},\"thumbnailUrl\":\"https:\/\/www.genteegestaorh.com.br\/blog\/wp-content\/uploads\/2025\/04\/B0F93474-8FD6-4112-B30D-2A76680165D2.png\",\"inLanguage\":\"pt-BR\",\"potentialAction\":[{\"@type\":\"CommentAction\",\"name\":\"Comment\",\"target\":[\"https:\/\/www.genteegestaorh.com.br\/blog\/da-visao-a-realizacao-conectando-estrategia-e-execucao\/#respond\"]}]},{\"@type\":\"WebPage\",\"@id\":\"https:\/\/www.genteegestaorh.com.br\/blog\/da-visao-a-realizacao-conectando-estrategia-e-execucao\/\",\"url\":\"https:\/\/www.genteegestaorh.com.br\/blog\/da-visao-a-realizacao-conectando-estrategia-e-execucao\/\",\"name\":\"Da Vis\u00e3o \u00e0 Realiza\u00e7\u00e3o \u2013 Conectando Estrat\u00e9gia e Execu\u00e7\u00e3o - Gente e Gest\u00e3o RH\",\"isPartOf\":{\"@id\":\"https:\/\/www.genteegestaorh.com.br\/blog\/#website\"},\"primaryImageOfPage\":{\"@id\":\"https:\/\/www.genteegestaorh.com.br\/blog\/da-visao-a-realizacao-conectando-estrategia-e-execucao\/#primaryimage\"},\"image\":{\"@id\":\"https:\/\/www.genteegestaorh.com.br\/blog\/da-visao-a-realizacao-conectando-estrategia-e-execucao\/#primaryimage\"},\"thumbnailUrl\":\"https:\/\/www.genteegestaorh.com.br\/blog\/wp-content\/uploads\/2025\/04\/B0F93474-8FD6-4112-B30D-2A76680165D2.png\",\"datePublished\":\"2025-04-14T18:33:35+00:00\",\"breadcrumb\":{\"@id\":\"https:\/\/www.genteegestaorh.com.br\/blog\/da-visao-a-realizacao-conectando-estrategia-e-execucao\/#breadcrumb\"},\"inLanguage\":\"pt-BR\",\"potentialAction\":[{\"@type\":\"ReadAction\",\"target\":[\"https:\/\/www.genteegestaorh.com.br\/blog\/da-visao-a-realizacao-conectando-estrategia-e-execucao\/\"]}]},{\"@type\":\"ImageObject\",\"inLanguage\":\"pt-BR\",\"@id\":\"https:\/\/www.genteegestaorh.com.br\/blog\/da-visao-a-realizacao-conectando-estrategia-e-execucao\/#primaryimage\",\"url\":\"https:\/\/www.genteegestaorh.com.br\/blog\/wp-content\/uploads\/2025\/04\/B0F93474-8FD6-4112-B30D-2A76680165D2.png\",\"contentUrl\":\"https:\/\/www.genteegestaorh.com.br\/blog\/wp-content\/uploads\/2025\/04\/B0F93474-8FD6-4112-B30D-2A76680165D2.png\",\"width\":1024,\"height\":1536},{\"@type\":\"BreadcrumbList\",\"@id\":\"https:\/\/www.genteegestaorh.com.br\/blog\/da-visao-a-realizacao-conectando-estrategia-e-execucao\/#breadcrumb\",\"itemListElement\":[{\"@type\":\"ListItem\",\"position\":1,\"name\":\"In\u00edcio\",\"item\":\"https:\/\/www.genteegestaorh.com.br\/blog\/\"},{\"@type\":\"ListItem\",\"position\":2,\"name\":\"Da Vis\u00e3o \u00e0 Realiza\u00e7\u00e3o \u2013 Conectando Estrat\u00e9gia e Execu\u00e7\u00e3o\"}]},{\"@type\":\"WebSite\",\"@id\":\"https:\/\/www.genteegestaorh.com.br\/blog\/#website\",\"url\":\"https:\/\/www.genteegestaorh.com.br\/blog\/\",\"name\":\"Gente e Gest\u00e3o RH\",\"description\":\"\",\"publisher\":{\"@id\":\"https:\/\/www.genteegestaorh.com.br\/blog\/#organization\"},\"potentialAction\":[{\"@type\":\"SearchAction\",\"target\":{\"@type\":\"EntryPoint\",\"urlTemplate\":\"https:\/\/www.genteegestaorh.com.br\/blog\/?s={search_term_string}\"},\"query-input\":{\"@type\":\"PropertyValueSpecification\",\"valueRequired\":true,\"valueName\":\"search_term_string\"}}],\"inLanguage\":\"pt-BR\"},{\"@type\":\"Organization\",\"@id\":\"https:\/\/www.genteegestaorh.com.br\/blog\/#organization\",\"name\":\"Gente e Gest\u00e3o RH\",\"url\":\"https:\/\/www.genteegestaorh.com.br\/blog\/\",\"logo\":{\"@type\":\"ImageObject\",\"inLanguage\":\"pt-BR\",\"@id\":\"https:\/\/www.genteegestaorh.com.br\/blog\/#\/schema\/logo\/image\/\",\"url\":\"https:\/\/www.genteegestaorh.com.br\/blog\/wp-content\/uploads\/2025\/03\/cropped-logo.png\",\"contentUrl\":\"https:\/\/www.genteegestaorh.com.br\/blog\/wp-content\/uploads\/2025\/03\/cropped-logo.png\",\"width\":240,\"height\":54,\"caption\":\"Gente e Gest\u00e3o RH\"},\"image\":{\"@id\":\"https:\/\/www.genteegestaorh.com.br\/blog\/#\/schema\/logo\/image\/\"},\"sameAs\":[\"https:\/\/www.linkedin.com\/company\/gente-e-gesto-rh\/?originalSubdomain=br\",\"https:\/\/www.instagram.com\/genteegestaoconsulting?igsh=MXdqeWpubjBiNTk4cw\"]},{\"@type\":\"Person\",\"@id\":\"https:\/\/www.genteegestaorh.com.br\/blog\/#\/schema\/person\/e9afee1e6101e4424c4923ba73950ce0\",\"name\":\"Adm gente e gest\u00e3o\",\"image\":{\"@type\":\"ImageObject\",\"inLanguage\":\"pt-BR\",\"@id\":\"https:\/\/secure.gravatar.com\/avatar\/3ecb52d11176967074c91e5c6dc0590c647a4302b5b61fe1a42eb01f43376986?s=96&d=mm&r=g\",\"url\":\"https:\/\/secure.gravatar.com\/avatar\/3ecb52d11176967074c91e5c6dc0590c647a4302b5b61fe1a42eb01f43376986?s=96&d=mm&r=g\",\"contentUrl\":\"https:\/\/secure.gravatar.com\/avatar\/3ecb52d11176967074c91e5c6dc0590c647a4302b5b61fe1a42eb01f43376986?s=96&d=mm&r=g\",\"caption\":\"Adm gente e gest\u00e3o\"},\"sameAs\":[\"http:\/\/genteegestaorh.com.br\"],\"url\":\"https:\/\/www.genteegestaorh.com.br\/blog\/author\/adm\/\"}]}<\/script>\n<!-- \/ Yoast SEO plugin. -->","yoast_head_json":{"title":"Da Vis\u00e3o \u00e0 Realiza\u00e7\u00e3o \u2013 Conectando Estrat\u00e9gia e Execu\u00e7\u00e3o - Gente e Gest\u00e3o RH","robots":{"index":"index","follow":"follow","max-snippet":"max-snippet:-1","max-image-preview":"max-image-preview:large","max-video-preview":"max-video-preview:-1"},"canonical":"https:\/\/www.genteegestaorh.com.br\/blog\/da-visao-a-realizacao-conectando-estrategia-e-execucao\/","og_locale":"pt_BR","og_type":"article","og_title":"Da Vis\u00e3o \u00e0 Realiza\u00e7\u00e3o \u2013 Conectando Estrat\u00e9gia e Execu\u00e7\u00e3o - Gente e Gest\u00e3o RH","og_description":"Vamos entender o porque \u00e9 t\u00e3o simples realizar essa conex\u00e3o. Vou explicar passo a passo \u2026. 1. Formula\u00e7\u00e3o Estrat\u00e9gica Desafio: A vis\u00e3o est\u00e1 clara, mas ainda abstrata. Ferramenta: OKR Estrat\u00e9gico A\u00e7\u00e3o: Traduz miss\u00e3o e vis\u00e3o em objetivos aspiracionais com resultados mensur\u00e1veis. Cria foco, alinhamento e engajamento em torno do que realmente importa. Garante que a [&hellip;]","og_url":"https:\/\/www.genteegestaorh.com.br\/blog\/da-visao-a-realizacao-conectando-estrategia-e-execucao\/","og_site_name":"Gente e Gest\u00e3o RH","article_published_time":"2025-04-14T18:33:35+00:00","og_image":[{"width":1024,"height":1536,"url":"https:\/\/www.genteegestaorh.com.br\/blog\/wp-content\/uploads\/2025\/04\/B0F93474-8FD6-4112-B30D-2A76680165D2.png","type":"image\/png"}],"author":"Adm gente e gest\u00e3o","twitter_card":"summary_large_image","twitter_misc":{"Escrito por":"Adm gente e gest\u00e3o","Est. tempo de leitura":"2 minutos"},"schema":{"@context":"https:\/\/schema.org","@graph":[{"@type":"Article","@id":"https:\/\/www.genteegestaorh.com.br\/blog\/da-visao-a-realizacao-conectando-estrategia-e-execucao\/#article","isPartOf":{"@id":"https:\/\/www.genteegestaorh.com.br\/blog\/da-visao-a-realizacao-conectando-estrategia-e-execucao\/"},"author":{"name":"Adm gente e gest\u00e3o","@id":"https:\/\/www.genteegestaorh.com.br\/blog\/#\/schema\/person\/e9afee1e6101e4424c4923ba73950ce0"},"headline":"Da Vis\u00e3o \u00e0 Realiza\u00e7\u00e3o \u2013 Conectando Estrat\u00e9gia e Execu\u00e7\u00e3o","datePublished":"2025-04-14T18:33:35+00:00","mainEntityOfPage":{"@id":"https:\/\/www.genteegestaorh.com.br\/blog\/da-visao-a-realizacao-conectando-estrategia-e-execucao\/"},"wordCount":360,"commentCount":0,"publisher":{"@id":"https:\/\/www.genteegestaorh.com.br\/blog\/#organization"},"image":{"@id":"https:\/\/www.genteegestaorh.com.br\/blog\/da-visao-a-realizacao-conectando-estrategia-e-execucao\/#primaryimage"},"thumbnailUrl":"https:\/\/www.genteegestaorh.com.br\/blog\/wp-content\/uploads\/2025\/04\/B0F93474-8FD6-4112-B30D-2A76680165D2.png","inLanguage":"pt-BR","potentialAction":[{"@type":"CommentAction","name":"Comment","target":["https:\/\/www.genteegestaorh.com.br\/blog\/da-visao-a-realizacao-conectando-estrategia-e-execucao\/#respond"]}]},{"@type":"WebPage","@id":"https:\/\/www.genteegestaorh.com.br\/blog\/da-visao-a-realizacao-conectando-estrategia-e-execucao\/","url":"https:\/\/www.genteegestaorh.com.br\/blog\/da-visao-a-realizacao-conectando-estrategia-e-execucao\/","name":"Da Vis\u00e3o \u00e0 Realiza\u00e7\u00e3o \u2013 Conectando Estrat\u00e9gia e Execu\u00e7\u00e3o - Gente e Gest\u00e3o RH","isPartOf":{"@id":"https:\/\/www.genteegestaorh.com.br\/blog\/#website"},"primaryImageOfPage":{"@id":"https:\/\/www.genteegestaorh.com.br\/blog\/da-visao-a-realizacao-conectando-estrategia-e-execucao\/#primaryimage"},"image":{"@id":"https:\/\/www.genteegestaorh.com.br\/blog\/da-visao-a-realizacao-conectando-estrategia-e-execucao\/#primaryimage"},"thumbnailUrl":"https:\/\/www.genteegestaorh.com.br\/blog\/wp-content\/uploads\/2025\/04\/B0F93474-8FD6-4112-B30D-2A76680165D2.png","datePublished":"2025-04-14T18:33:35+00:00","breadcrumb":{"@id":"https:\/\/www.genteegestaorh.com.br\/blog\/da-visao-a-realizacao-conectando-estrategia-e-execucao\/#breadcrumb"},"inLanguage":"pt-BR","potentialAction":[{"@type":"ReadAction","target":["https:\/\/www.genteegestaorh.com.br\/blog\/da-visao-a-realizacao-conectando-estrategia-e-execucao\/"]}]},{"@type":"ImageObject","inLanguage":"pt-BR","@id":"https:\/\/www.genteegestaorh.com.br\/blog\/da-visao-a-realizacao-conectando-estrategia-e-execucao\/#primaryimage","url":"https:\/\/www.genteegestaorh.com.br\/blog\/wp-content\/uploads\/2025\/04\/B0F93474-8FD6-4112-B30D-2A76680165D2.png","contentUrl":"https:\/\/www.genteegestaorh.com.br\/blog\/wp-content\/uploads\/2025\/04\/B0F93474-8FD6-4112-B30D-2A76680165D2.png","width":1024,"height":1536},{"@type":"BreadcrumbList","@id":"https:\/\/www.genteegestaorh.com.br\/blog\/da-visao-a-realizacao-conectando-estrategia-e-execucao\/#breadcrumb","itemListElement":[{"@type":"ListItem","position":1,"name":"In\u00edcio","item":"https:\/\/www.genteegestaorh.com.br\/blog\/"},{"@type":"ListItem","position":2,"name":"Da Vis\u00e3o \u00e0 Realiza\u00e7\u00e3o \u2013 Conectando Estrat\u00e9gia e Execu\u00e7\u00e3o"}]},{"@type":"WebSite","@id":"https:\/\/www.genteegestaorh.com.br\/blog\/#website","url":"https:\/\/www.genteegestaorh.com.br\/blog\/","name":"Gente e Gest\u00e3o RH","description":"","publisher":{"@id":"https:\/\/www.genteegestaorh.com.br\/blog\/#organization"},"potentialAction":[{"@type":"SearchAction","target":{"@type":"EntryPoint","urlTemplate":"https:\/\/www.genteegestaorh.com.br\/blog\/?s={search_term_string}"},"query-input":{"@type":"PropertyValueSpecification","valueRequired":true,"valueName":"search_term_string"}}],"inLanguage":"pt-BR"},{"@type":"Organization","@id":"https:\/\/www.genteegestaorh.com.br\/blog\/#organization","name":"Gente e Gest\u00e3o RH","url":"https:\/\/www.genteegestaorh.com.br\/blog\/","logo":{"@type":"ImageObject","inLanguage":"pt-BR","@id":"https:\/\/www.genteegestaorh.com.br\/blog\/#\/schema\/logo\/image\/","url":"https:\/\/www.genteegestaorh.com.br\/blog\/wp-content\/uploads\/2025\/03\/cropped-logo.png","contentUrl":"https:\/\/www.genteegestaorh.com.br\/blog\/wp-content\/uploads\/2025\/03\/cropped-logo.png","width":240,"height":54,"caption":"Gente e Gest\u00e3o RH"},"image":{"@id":"https:\/\/www.genteegestaorh.com.br\/blog\/#\/schema\/logo\/image\/"},"sameAs":["https:\/\/www.linkedin.com\/company\/gente-e-gesto-rh\/?originalSubdomain=br","https:\/\/www.instagram.com\/genteegestaoconsulting?igsh=MXdqeWpubjBiNTk4cw"]},{"@type":"Person","@id":"https:\/\/www.genteegestaorh.com.br\/blog\/#\/schema\/person\/e9afee1e6101e4424c4923ba73950ce0","name":"Adm gente e gest\u00e3o","image":{"@type":"ImageObject","inLanguage":"pt-BR","@id":"https:\/\/secure.gravatar.com\/avatar\/3ecb52d11176967074c91e5c6dc0590c647a4302b5b61fe1a42eb01f43376986?s=96&d=mm&r=g","url":"https:\/\/secure.gravatar.com\/avatar\/3ecb52d11176967074c91e5c6dc0590c647a4302b5b61fe1a42eb01f43376986?s=96&d=mm&r=g","contentUrl":"https:\/\/secure.gravatar.com\/avatar\/3ecb52d11176967074c91e5c6dc0590c647a4302b5b61fe1a42eb01f43376986?s=96&d=mm&r=g","caption":"Adm gente e gest\u00e3o"},"sameAs":["http:\/\/genteegestaorh.com.br"],"url":"https:\/\/www.genteegestaorh.com.br\/blog\/author\/adm\/"}]}},"_links":{"self":[{"href":"https:\/\/www.genteegestaorh.com.br\/blog\/wp-json\/wp\/v2\/posts\/334","targetHints":{"allow":["GET"]}}],"collection":[{"href":"https:\/\/www.genteegestaorh.com.br\/blog\/wp-json\/wp\/v2\/posts"}],"about":[{"href":"https:\/\/www.genteegestaorh.com.br\/blog\/wp-json\/wp\/v2\/types\/post"}],"author":[{"embeddable":true,"href":"https:\/\/www.genteegestaorh.com.br\/blog\/wp-json\/wp\/v2\/users\/2"}],"replies":[{"embeddable":true,"href":"https:\/\/www.genteegestaorh.com.br\/blog\/wp-json\/wp\/v2\/comments?post=334"}],"version-history":[{"count":1,"href":"https:\/\/www.genteegestaorh.com.br\/blog\/wp-json\/wp\/v2\/posts\/334\/revisions"}],"predecessor-version":[{"id":336,"href":"https:\/\/www.genteegestaorh.com.br\/blog\/wp-json\/wp\/v2\/posts\/334\/revisions\/336"}],"wp:attachment":[{"href":"https:\/\/www.genteegestaorh.com.br\/blog\/wp-json\/wp\/v2\/media?parent=334"}],"wp:term":[{"taxonomy":"category","embeddable":true,"href":"https:\/\/www.genteegestaorh.com.br\/blog\/wp-json\/wp\/v2\/categories?post=334"},{"taxonomy":"post_tag","embeddable":true,"href":"https:\/\/www.genteegestaorh.com.br\/blog\/wp-json\/wp\/v2\/tags?post=334"}],"curies":[{"name":"wp","href":"https:\/\/api.w.org\/{rel}","templated":true}]}}